{"id":155302,"date":"2010-11-24T19:47:09","date_gmt":"2010-11-24T19:47:09","guid":{"rendered":"http:\/\/diariodominicano.ddns.net\/?p=155302"},"modified":"2010-11-24T19:47:09","modified_gmt":"2010-11-24T19:47:09","slug":"salud-publica-afirma-resultaron-negativos-casos-sospechosos-de-colera-que-eran-analizado","status":"publish","type":"post","link":"https:\/\/diariodominicano.com\/?p=155302","title":{"rendered":"&#13;Salud P\u00fablica afirma resultaron negativos casos sospechosos de c\u00f3lera que eran analizado"},"content":{"rendered":"<p><body><\/p>\n<p><img decoding=\"async\" src=\"http:\/\/localhost:8080\/justiciayderecho\/img3\/MINISTRO SALUD.JPG\" \/>  <\/p>\n<p><span class=\"text1noticias\"> <\/span><\/p>\n<p><span class=\"text1noticias\">Santo Domingo.- El ministro de Salud P\u00fablica, doctor Bautista Rojas G\u00f3mez,  inform\u00f3 este mi\u00e9rcoles que todos los casos sospechosos de c\u00f3lera que estaban en laboratorio para la prueba definitiva del c\u00f3lera resultaron negativos, con los que se mantienen en cuatro los confirmados.<\/span><\/p>\n<\/p>\n<p><span class=\"text1noticias\">Precis\u00f3 que se trata de diarrea com\u00fan los padecimientos que aquejan a varias personas recluidas en centros asistenciales del Distrito Nacional y la provincia de Santo Domingo, y no la referida enfermedad como se hab\u00eda especulado.<\/span><\/p>\n<\/p>\n<p><span class=\"text1noticias\">\u00abPodemos afirmar que hasta el mediod\u00eda de este mi\u00e9rcoles ninguno de los casos llevados al Laboratorio Nacional Doctor Defill\u00f3 en el d\u00eda de ayer dio positivo a la bacteria que produce la enfermedad del c\u00f3lera\u00bb, expres\u00f3.<\/span><\/p>\n<\/p>\n<p><span class=\"text1noticias\">Mientras que estamos a la espera de los resultados del recluso que muri\u00f3 en la Regi\u00f3n Este, sostuvo, para determinar si el fallecimiento estuvo relacionado con el c\u00f3lera. Dijo, sin embargo, que de todas ma\u00f1ana se han adoptado las medidas preventivas correspondientes en todos los recintos penitenciarios del pa\u00eds.<\/span><\/p>\n<\/p>\n<p><span class=\"text1noticias\">Rojas G\u00f3mez afirm\u00f3 que la localizaci\u00f3n e identificaci\u00f3n de las personas sospechosas es  producto de la intensa labor de movilizaci\u00f3n   y b\u00fasqueda  activa de las que presentan diarrea o deshidrataci\u00f3n, la cual se lleva a cabo en todo el territorio nacional como medida preventiva.<\/span><\/p>\n<\/p>\n<p><span class=\"text1noticias\">\u00abEl Ministerio de Salud P\u00fablica est\u00e1 en toda la geograf\u00eda nacional laborando casa por casa,  en sectores, barrios, calles, callejones y comunidades para de esta forma prevenir cualquier asomo de brote del c\u00f3lera en territorio nacional\u00bb, destac\u00f3.     <\/span><\/p>\n<\/p>\n<p><span class=\"text1noticias\"> <\/span><\/p>\n<p><span class=\"text1noticias\"> Tambi\u00e9n han sido intensificadas las acciones educativas e instructivas en todas las provincias del pa\u00eds, agreg\u00f3,  a trav\u00e9s de los medios de comunicaci\u00f3n masivos y han sido adicionalmente impresos y distribuidos materiales educativos de c\u00f3mo prevenir la enfermedad.<\/span><\/p>\n<\/p>\n<\/p>\n<\/p>\n<h6> 2010-11-24 19:47:09 <\/h6>\n<p><!--\n<link rel=\"stylesheet\" href=\"css\/bootstrap.min.css\">\n\n\n<ul class=\"pagination\">\n\t    \n\t\n\n<li >\n\t<a href='?page_no=30469'>Previous<\/a>\n\t<\/li>\n\n\n       \n    \n\n<li><a href='?page_no=1'>1<\/a><\/li>\n\n\n\n<li><a href='?page_no=2'>2<\/a><\/li>\n\n\n\n<li><a>...<\/a><\/li>\n\n\n\n<li><a href='?page_no=30468'>30468<\/a><\/li>\n\n\n\n<li><a href='?page_no=30469'>30469<\/a><\/li>\n\n\n\n<li class='active'><a>30470<\/a><\/li>\n\n\n\n<li><a href='?page_no=30471'>30471<\/a><\/li>\n\n\n\n<li><a href='?page_no=30472'>30472<\/a><\/li>\n\n\n\n<li><a>...<\/a><\/li>\n\n\n\n<li><a href='?page_no=31963'>31963<\/a><\/li>\n\n\n\n<li><a href='?page_no=31964'>31964<\/a><\/li>\n\n    \n\t\n\n<li >\n\t<a href='?page_no=30471'>Next<\/a>\n\t<\/li>\n\n\n    \n\n<li><a href='?page_no=31964'>Last &rsaquo;&rsaquo;<\/a><\/li>\n\n<\/ul>\n\n\n--><br \/>\n<\/body><\/p>\n","protected":false},"excerpt":{"rendered":"<p>Santo Domingo.- El ministro de Salud P\u00fablica, doctor Bautista Rojas G\u00f3mez, inform\u00f3 este mi\u00e9rcoles que todos los casos sospechosos de c\u00f3lera que estaban en laboratorio para la prueba definitiva del c\u00f3lera resultaron negativos, con los que se mantienen en cuatro los confirmados. Precis\u00f3 que se trata de diarrea com\u00fan los padecimientos que aquejan a varias [&hellip;]<\/p>\n","protected":false},"author":3,"featured_media":0,"comment_status":"open","ping_status":"open","sticky":false,"template":"","format":"standard","meta":{"footnotes":""},"categories":[24],"tags":[],"class_list":["post-155302","post","type-post","status-publish","format-standard","hentry","category-justicia-y-derecho"],"_links":{"self":[{"href":"https:\/\/diariodominicano.com\/index.php?rest_route=\/wp\/v2\/posts\/155302","targetHints":{"allow":["GET"]}}],"collection":[{"href":"https:\/\/diariodominicano.com\/index.php?rest_route=\/wp\/v2\/posts"}],"about":[{"href":"https:\/\/diariodominicano.com\/index.php?rest_route=\/wp\/v2\/types\/post"}],"author":[{"embeddable":true,"href":"https:\/\/diariodominicano.com\/index.php?rest_route=\/wp\/v2\/users\/3"}],"replies":[{"embeddable":true,"href":"https:\/\/diariodominicano.com\/index.php?rest_route=%2Fwp%2Fv2%2Fcomments&post=155302"}],"version-history":[{"count":0,"href":"https:\/\/diariodominicano.com\/index.php?rest_route=\/wp\/v2\/posts\/155302\/revisions"}],"wp:attachment":[{"href":"https:\/\/diariodominicano.com\/index.php?rest_route=%2Fwp%2Fv2%2Fmedia&parent=155302"}],"wp:term":[{"taxonomy":"category","embeddable":true,"href":"https:\/\/diariodominicano.com\/index.php?rest_route=%2Fwp%2Fv2%2Fcategories&post=155302"},{"taxonomy":"post_tag","embeddable":true,"href":"https:\/\/diariodominicano.com\/index.php?rest_route=%2Fwp%2Fv2%2Ftags&post=155302"}],"curies":[{"name":"wp","href":"https:\/\/api.w.org\/{rel}","templated":true}]}}