{"id":155296,"date":"2010-11-24T20:50:49","date_gmt":"2010-11-24T20:50:49","guid":{"rendered":"http:\/\/diariodominicano.ddns.net\/?p=155296"},"modified":"2010-11-24T20:50:49","modified_gmt":"2010-11-24T20:50:49","slug":"muere-agronomo-que-fue-herido-este-miercoles-de-un-balazo-en-cachon-hay-tension-en-esa-localidad-y-cabral","status":"publish","type":"post","link":"https:\/\/diariodominicano.com\/?p=155296","title":{"rendered":"Muere agr\u00f3nomo que fue herido este mi\u00e9rcoles de un balazo en Cach\u00f3n. Hay tensi\u00f3n en esa localidad y Cabral.&#13;"},"content":{"rendered":"<p><body><\/p>\n<p><strong><span class=\"text1noticias\">POR TEUDDY A. S\u00c1NCHEZ.<\/span><\/strong><\/p>\n<p><strong><span class=\"text1noticias\"> <\/span><\/strong><\/p>\n<p><strong><span class=\"text1noticias\">        BARAHONA.-<\/span><\/strong><span class=\"text1noticias\"> Muri\u00f3 cuando era intervenido quir\u00fargicamente en el hospital regional universitario Jaime Mota de esta ciudad, un ingeniero agr\u00f3nomo que hab\u00eda sido herido esta ma\u00f1ana de un balazo por una turba de personas de Cach\u00f3n que tienen diferencias con los residentes de Cabral.<\/span><\/p>\n<p><span class=\"text1noticias\"> <\/span><\/p>\n<p><span class=\"text1noticias\">        El muerto es Fernelis G\u00f3mez F\u00e9liz, quien reside en Cabral y recibi\u00f3 esta ma\u00f1ana el disparo en las cercan\u00edas del coraz\u00f3n, cuando viajaba a esta ciudad.<\/span><\/p>\n<p><span class=\"text1noticias\"> <\/span><\/p>\n<p><span class=\"text1noticias\">        G\u00f3mez F\u00e9liz, no pudo sobrevivir del impacto de bala que le hicieron desconocidos cuando transitaba por la carretera que  une a Cabral con Cachos de esta provincia.<\/span><\/p>\n<p><span class=\"text1noticias\"> <\/span><\/p>\n<p><span class=\"text1noticias\">        La muerte del profesional aumenta la tensi\u00f3n que reina entre los habitantes de ambas localidades que han sido tomados por tropas policiales para evitar nuevos incidentes.<\/span><\/p>\n<p><span class=\"text1noticias\"> <\/span><\/p>\n<p><span class=\"text1noticias\">        El ingeniero agr\u00f3nomo es t\u00edo de dos agentes de la Polic\u00eda que el pasado domingo tuvieron problemas con otras personas nativas de Cach\u00f3n.<\/span><\/p>\n<p><span class=\"text1noticias\"> <\/span><\/p>\n<p><span class=\"text1noticias\">         En el incidente est\u00e1n involucrados parientes de oficiales superiores pensionados y otros activos<\/span>.<\/p>\n<h6> 2010-11-24 20:50:49 <\/h6>\n<p><!--\n<link rel=\"stylesheet\" href=\"css\/bootstrap.min.css\">\n\n\n<ul class=\"pagination\">\n\t    \n\t\n\n<li >\n\t<a href='?page_no=30463'>Previous<\/a>\n\t<\/li>\n\n\n       \n    \n\n<li><a href='?page_no=1'>1<\/a><\/li>\n\n\n\n<li><a href='?page_no=2'>2<\/a><\/li>\n\n\n\n<li><a>...<\/a><\/li>\n\n\n\n<li><a href='?page_no=30462'>30462<\/a><\/li>\n\n\n\n<li><a href='?page_no=30463'>30463<\/a><\/li>\n\n\n\n<li class='active'><a>30464<\/a><\/li>\n\n\n\n<li><a href='?page_no=30465'>30465<\/a><\/li>\n\n\n\n<li><a href='?page_no=30466'>30466<\/a><\/li>\n\n\n\n<li><a>...<\/a><\/li>\n\n\n\n<li><a href='?page_no=31963'>31963<\/a><\/li>\n\n\n\n<li><a href='?page_no=31964'>31964<\/a><\/li>\n\n    \n\t\n\n<li >\n\t<a href='?page_no=30465'>Next<\/a>\n\t<\/li>\n\n\n    \n\n<li><a href='?page_no=31964'>Last &rsaquo;&rsaquo;<\/a><\/li>\n\n<\/ul>\n\n\n--><br \/>\n<\/body><\/p>\n","protected":false},"excerpt":{"rendered":"<p>POR TEUDDY A. S\u00c1NCHEZ. BARAHONA.- Muri\u00f3 cuando era intervenido quir\u00fargicamente en el hospital regional universitario Jaime Mota de esta ciudad, un ingeniero agr\u00f3nomo que hab\u00eda sido herido esta ma\u00f1ana de un balazo por una turba de personas de Cach\u00f3n que tienen diferencias con los residentes de Cabral. El muerto es Fernelis G\u00f3mez F\u00e9liz, quien reside [&hellip;]<\/p>\n","protected":false},"author":3,"featured_media":0,"comment_status":"open","ping_status":"open","sticky":false,"template":"","format":"standard","meta":{"footnotes":""},"categories":[24],"tags":[],"class_list":["post-155296","post","type-post","status-publish","format-standard","hentry","category-justicia-y-derecho"],"_links":{"self":[{"href":"https:\/\/diariodominicano.com\/index.php?rest_route=\/wp\/v2\/posts\/155296","targetHints":{"allow":["GET"]}}],"collection":[{"href":"https:\/\/diariodominicano.com\/index.php?rest_route=\/wp\/v2\/posts"}],"about":[{"href":"https:\/\/diariodominicano.com\/index.php?rest_route=\/wp\/v2\/types\/post"}],"author":[{"embeddable":true,"href":"https:\/\/diariodominicano.com\/index.php?rest_route=\/wp\/v2\/users\/3"}],"replies":[{"embeddable":true,"href":"https:\/\/diariodominicano.com\/index.php?rest_route=%2Fwp%2Fv2%2Fcomments&post=155296"}],"version-history":[{"count":0,"href":"https:\/\/diariodominicano.com\/index.php?rest_route=\/wp\/v2\/posts\/155296\/revisions"}],"wp:attachment":[{"href":"https:\/\/diariodominicano.com\/index.php?rest_route=%2Fwp%2Fv2%2Fmedia&parent=155296"}],"wp:term":[{"taxonomy":"category","embeddable":true,"href":"https:\/\/diariodominicano.com\/index.php?rest_route=%2Fwp%2Fv2%2Fcategories&post=155296"},{"taxonomy":"post_tag","embeddable":true,"href":"https:\/\/diariodominicano.com\/index.php?rest_route=%2Fwp%2Fv2%2Ftags&post=155296"}],"curies":[{"name":"wp","href":"https:\/\/api.w.org\/{rel}","templated":true}]}}