{"id":155295,"date":"2010-11-24T20:52:16","date_gmt":"2010-11-24T20:52:16","guid":{"rendered":"http:\/\/diariodominicano.ddns.net\/?p=155295"},"modified":"2010-11-24T20:52:16","modified_gmt":"2010-11-24T20:52:16","slug":"ede-este-aclara-apagon-en-palacio-nacional-fue-por-falla-temporal-en-circuito-exclusivo","status":"publish","type":"post","link":"https:\/\/diariodominicano.com\/?p=155295","title":{"rendered":"&#13;EDE Este aclara apag\u00f3n en Palacio Nacional fue por falla temporal en circuito exclusivo"},"content":{"rendered":"<p><body><\/p>\n<p><span class=\"text1noticias\">Santo Domingo Este.- La Empresa Distribuidora de Electricidad del Este (EDE Este), aclar\u00f3 que el apag\u00f3n que dej\u00f3 sin servicio de energ\u00eda el\u00e9ctrica el Palacio Nacional, este mediod\u00eda, fue fruto de la salida inesperada y temporal del circuito n\u00famero siete, que porta la l\u00ednea exclusiva a la casa de gobierno. <\/span><\/p>\n<\/p>\n<p><span class=\"text1noticias\">Una nota informativa despachada por la Gerencia de Comunicaci\u00f3n Estrat\u00e9gica de EDE Este, explica que, al ocurrir el hecho, de inmediato se tomaron los correctivos de lugar, por lo que el servicio fue restablecido aproximadamente 10 minutos despu\u00e9s del suceso.<\/span><\/p>\n<\/p>\n<p><span class=\"text1noticias\">Dijo que el circuito n\u00famero siete sali\u00f3 temporalmente de servicio al verse afectado cuando se dispar\u00f3 el circuito n\u00famero seis, que va en la misma estructura del circuito exclusivo del Palacio Nacional, ubicado en la calle Mois\u00e9s Garc\u00eda, esquina Galv\u00e1n del sector Gazcue.<\/span><\/p>\n<\/p>\n<p><span class=\"text1noticias\">EDE Este pidi\u00f3 excusas por el evento inesperado que afect\u00f3 la casa de gobierno, por los inconvenientes causados por este evento el\u00e9ctrico.<\/span><\/p>\n<h6> 2010-11-24 20:52:16 <\/h6>\n<p><!--\n<link rel=\"stylesheet\" href=\"css\/bootstrap.min.css\">\n\n\n<ul class=\"pagination\">\n\t    \n\t\n\n<li >\n\t<a href='?page_no=30462'>Previous<\/a>\n\t<\/li>\n\n\n       \n    \n\n<li><a href='?page_no=1'>1<\/a><\/li>\n\n\n\n<li><a href='?page_no=2'>2<\/a><\/li>\n\n\n\n<li><a>...<\/a><\/li>\n\n\n\n<li><a href='?page_no=30461'>30461<\/a><\/li>\n\n\n\n<li><a href='?page_no=30462'>30462<\/a><\/li>\n\n\n\n<li class='active'><a>30463<\/a><\/li>\n\n\n\n<li><a href='?page_no=30464'>30464<\/a><\/li>\n\n\n\n<li><a href='?page_no=30465'>30465<\/a><\/li>\n\n\n\n<li><a>...<\/a><\/li>\n\n\n\n<li><a href='?page_no=31963'>31963<\/a><\/li>\n\n\n\n<li><a href='?page_no=31964'>31964<\/a><\/li>\n\n    \n\t\n\n<li >\n\t<a href='?page_no=30464'>Next<\/a>\n\t<\/li>\n\n\n    \n\n<li><a href='?page_no=31964'>Last &rsaquo;&rsaquo;<\/a><\/li>\n\n<\/ul>\n\n\n--><br \/>\n<\/body><\/p>\n","protected":false},"excerpt":{"rendered":"<p>Santo Domingo Este.- La Empresa Distribuidora de Electricidad del Este (EDE Este), aclar\u00f3 que el apag\u00f3n que dej\u00f3 sin servicio de energ\u00eda el\u00e9ctrica el Palacio Nacional, este mediod\u00eda, fue fruto de la salida inesperada y temporal del circuito n\u00famero siete, que porta la l\u00ednea exclusiva a la casa de gobierno. Una nota informativa despachada por [&hellip;]<\/p>\n","protected":false},"author":3,"featured_media":0,"comment_status":"open","ping_status":"open","sticky":false,"template":"","format":"standard","meta":{"footnotes":""},"categories":[24],"tags":[],"class_list":["post-155295","post","type-post","status-publish","format-standard","hentry","category-justicia-y-derecho"],"_links":{"self":[{"href":"https:\/\/diariodominicano.com\/index.php?rest_route=\/wp\/v2\/posts\/155295","targetHints":{"allow":["GET"]}}],"collection":[{"href":"https:\/\/diariodominicano.com\/index.php?rest_route=\/wp\/v2\/posts"}],"about":[{"href":"https:\/\/diariodominicano.com\/index.php?rest_route=\/wp\/v2\/types\/post"}],"author":[{"embeddable":true,"href":"https:\/\/diariodominicano.com\/index.php?rest_route=\/wp\/v2\/users\/3"}],"replies":[{"embeddable":true,"href":"https:\/\/diariodominicano.com\/index.php?rest_route=%2Fwp%2Fv2%2Fcomments&post=155295"}],"version-history":[{"count":0,"href":"https:\/\/diariodominicano.com\/index.php?rest_route=\/wp\/v2\/posts\/155295\/revisions"}],"wp:attachment":[{"href":"https:\/\/diariodominicano.com\/index.php?rest_route=%2Fwp%2Fv2%2Fmedia&parent=155295"}],"wp:term":[{"taxonomy":"category","embeddable":true,"href":"https:\/\/diariodominicano.com\/index.php?rest_route=%2Fwp%2Fv2%2Fcategories&post=155295"},{"taxonomy":"post_tag","embeddable":true,"href":"https:\/\/diariodominicano.com\/index.php?rest_route=%2Fwp%2Fv2%2Ftags&post=155295"}],"curies":[{"name":"wp","href":"https:\/\/api.w.org\/{rel}","templated":true}]}}