{"id":155294,"date":"2010-11-24T20:53:59","date_gmt":"2010-11-24T20:53:59","guid":{"rendered":"http:\/\/diariodominicano.ddns.net\/?p=155294"},"modified":"2010-11-24T20:53:59","modified_gmt":"2010-11-24T20:53:59","slug":"policia-identifica-hijo-de-coronel-como-autor-de-la-muerte-a-tiro-de-ingeniero-en-cachon-de-barahona","status":"publish","type":"post","link":"https:\/\/diariodominicano.com\/?p=155294","title":{"rendered":"Polic\u00eda identifica hijo de coronel, como autor de la muerte a tiro de ingeniero en Cach\u00f3n de Barahona.&#13;"},"content":{"rendered":"<p><body><\/p>\n<p><img decoding=\"async\" src=\"http:\/\/localhost:8080\/justiciayderecho\/img3\/PB248112.JPG\" \/><br \/><img decoding=\"async\" src=\"http:\/\/localhost:8080\/justiciayderecho\/img3\/PB248119.JPG\" \/>  <\/p>\n<p><strong><span class=\"text1noticias\">TEUDDY A. S\u00c1NCHEZ.<\/span><\/strong><\/p>\n<p><strong><span class=\"text1noticias\">teuddysanchez@yahoo.es<\/span><\/strong><\/p>\n<p><strong><span class=\"text1noticias\"> <\/span><\/strong><\/p>\n<p><strong><span class=\"text1noticias\">        BARAHONA.<\/span><\/strong><span class=\"text1noticias\">&#8211; La Polic\u00eda identific\u00f3 como Roderqui Cuevas de 35 a\u00f1os, hijo de un coronel pensionado de la uniformada, como el presunto autor de la muerte de un balazo de un ingeniero agr\u00f3nomo ocurrida este mi\u00e9rcoles en Cach\u00f3n, cuando se dirig\u00eda a la regional de Agricultura donde trabajaba.<\/span><\/p>\n<p><span class=\"text1noticias\"> <\/span><\/p>\n<p><span class=\"text1noticias\">        El mayor Jos\u00e9 de los Santos P\u00e9rez y P\u00e9rez, vocero de la Direcci\u00f3n Regional Sur de la Polic\u00eda dijo que Cuevas esta pr\u00f3fugo, y es buscado por la muerte de Fernelis G\u00f3mez F\u00e9liz de 51 a\u00f1os.<\/span><\/p>\n<p><span class=\"text1noticias\"> <\/span><\/p>\n<p><span class=\"text1noticias\">        Indic\u00f3 que el profesional recibi\u00f3 un disparo a nivel del hemot\u00f3rax derecho en el mismo Angulo sin salida, que le ocasionaron la muerte cuando era intervenido quir\u00fargicamente en el hospital regional universitario Jaime Mota de esta localidad.<\/span><\/p>\n<p><span class=\"text1noticias\"> <\/span><\/p>\n<p><span class=\"text1noticias\">        El oficial dijo que esto ocurri\u00f3, porque el pasado d\u00eda 22, el raso de la Polic\u00eda Radileisy Segura G\u00f3mez, perteneciente a la 21 compa\u00f1\u00eda de la uniformada y el presunto autor de la muerte sostuvieron una ri\u00f1a en el parque central, donde \u00e9ste result\u00f3  con herida punzante en la regi\u00f3n frontal izquierda.<\/span><\/p>\n<p><span class=\"text1noticias\"> <\/span><\/p>\n<p><span class=\"text1noticias\">        Se\u00f1al\u00f3 el relacionista de la Polic\u00eda, que en otra ocasi\u00f3n, Cuevas         hab\u00eda agredido al raso Segura G\u00f3mez, cuando tuvieron otro incidente en Cabral de donde es oriundo el agente de la uniformada, por lo que al civil se le retuvo su arma de fuego, en el incidente pasado domingo.<\/span><\/p>\n<p><span class=\"text1noticias\"> <\/span><\/p>\n<p><span class=\"text1noticias\">         El oficial superior dijo que G\u00f3mez F\u00e9liz, resid\u00eda en la calle \u00c1ngel F\u00e9liz n\u00famero 33 en el barrio La Pe\u00f1uela en ese municipio de esta provincia.<\/span><\/p>\n<p><span class=\"text1noticias\"> <\/span><\/p>\n<p><span class=\"text1noticias\">        El occiso era t\u00edo del raso de la Polic\u00eda Segura G\u00f3mez, explic\u00f3 el mayor P\u00e9rez y P\u00e9rez.<\/span><\/p>\n<p><span class=\"text1noticias\"> <\/span><\/p>\n<p><span class=\"text1noticias\">        Tras el fallecimiento del agr\u00f3nomo, residentes de Cabral se lanzaron a las calles a protestar recamando que el caso sea esclarecido y que el autor del crimen sea apresado.<\/span><\/p>\n<p><span class=\"text1noticias\">               <\/span><\/p>\n<p><span class=\"text1noticias\">        Las calles de esa localidad, fueron cubiertas por gomas incendiadas y obst\u00e1culos, donde se vivi\u00f3 una paralizaci\u00f3n, tras conocerse dicha noticia.<\/span><\/p>\n<p><span class=\"text1noticias\"> <\/span><\/p>\n<p><span class=\"text1noticias\">        El cad\u00e1ver de G\u00f3mez F\u00e9liz fue enviado al Instituto de Patolog\u00eda Forense con sede en Azua, para practicarle una autopsia.<\/span><\/p>\n<p><span class=\"text1noticias\"> <\/span><\/p>\n<p><span class=\"text1noticias\">        Familiares del occiso acudieron a la morque del centro de salud, tras ser informados del hecho de sangre.<\/span><\/p>\n<p><span class=\"text1noticias\"> <\/span><\/p>\n<p><span class=\"text1noticias\">        El procurador fiscal adjunto, licenciado Jorgelin Montero Batista dijo que el caso esta en la fase de investigaci\u00f3n y el presunto autor esta pr\u00f3fugo<\/span>.<\/p>\n<h6> 2010-11-24 20:53:59 <\/h6>\n<p><!--\n<link rel=\"stylesheet\" href=\"css\/bootstrap.min.css\">\n\n\n<ul class=\"pagination\">\n\t    \n\t\n\n<li >\n\t<a href='?page_no=30461'>Previous<\/a>\n\t<\/li>\n\n\n       \n    \n\n<li><a href='?page_no=1'>1<\/a><\/li>\n\n\n\n<li><a href='?page_no=2'>2<\/a><\/li>\n\n\n\n<li><a>...<\/a><\/li>\n\n\n\n<li><a href='?page_no=30460'>30460<\/a><\/li>\n\n\n\n<li><a href='?page_no=30461'>30461<\/a><\/li>\n\n\n\n<li class='active'><a>30462<\/a><\/li>\n\n\n\n<li><a href='?page_no=30463'>30463<\/a><\/li>\n\n\n\n<li><a href='?page_no=30464'>30464<\/a><\/li>\n\n\n\n<li><a>...<\/a><\/li>\n\n\n\n<li><a href='?page_no=31963'>31963<\/a><\/li>\n\n\n\n<li><a href='?page_no=31964'>31964<\/a><\/li>\n\n    \n\t\n\n<li >\n\t<a href='?page_no=30463'>Next<\/a>\n\t<\/li>\n\n\n    \n\n<li><a href='?page_no=31964'>Last &rsaquo;&rsaquo;<\/a><\/li>\n\n<\/ul>\n\n\n--><br \/>\n<\/body><\/p>\n","protected":false},"excerpt":{"rendered":"<p>TEUDDY A. S\u00c1NCHEZ. teuddysanchez@yahoo.es BARAHONA.&#8211; La Polic\u00eda identific\u00f3 como Roderqui Cuevas de 35 a\u00f1os, hijo de un coronel pensionado de la uniformada, como el presunto autor de la muerte de un balazo de un ingeniero agr\u00f3nomo ocurrida este mi\u00e9rcoles en Cach\u00f3n, cuando se dirig\u00eda a la regional de Agricultura donde trabajaba. El mayor Jos\u00e9 de [&hellip;]<\/p>\n","protected":false},"author":3,"featured_media":0,"comment_status":"open","ping_status":"open","sticky":false,"template":"","format":"standard","meta":{"footnotes":""},"categories":[24],"tags":[],"class_list":["post-155294","post","type-post","status-publish","format-standard","hentry","category-justicia-y-derecho"],"_links":{"self":[{"href":"https:\/\/diariodominicano.com\/index.php?rest_route=\/wp\/v2\/posts\/155294","targetHints":{"allow":["GET"]}}],"collection":[{"href":"https:\/\/diariodominicano.com\/index.php?rest_route=\/wp\/v2\/posts"}],"about":[{"href":"https:\/\/diariodominicano.com\/index.php?rest_route=\/wp\/v2\/types\/post"}],"author":[{"embeddable":true,"href":"https:\/\/diariodominicano.com\/index.php?rest_route=\/wp\/v2\/users\/3"}],"replies":[{"embeddable":true,"href":"https:\/\/diariodominicano.com\/index.php?rest_route=%2Fwp%2Fv2%2Fcomments&post=155294"}],"version-history":[{"count":0,"href":"https:\/\/diariodominicano.com\/index.php?rest_route=\/wp\/v2\/posts\/155294\/revisions"}],"wp:attachment":[{"href":"https:\/\/diariodominicano.com\/index.php?rest_route=%2Fwp%2Fv2%2Fmedia&parent=155294"}],"wp:term":[{"taxonomy":"category","embeddable":true,"href":"https:\/\/diariodominicano.com\/index.php?rest_route=%2Fwp%2Fv2%2Fcategories&post=155294"},{"taxonomy":"post_tag","embeddable":true,"href":"https:\/\/diariodominicano.com\/index.php?rest_route=%2Fwp%2Fv2%2Ftags&post=155294"}],"curies":[{"name":"wp","href":"https:\/\/api.w.org\/{rel}","templated":true}]}}