{"id":155293,"date":"2010-11-24T20:58:35","date_gmt":"2010-11-24T20:58:35","guid":{"rendered":"http:\/\/diariodominicano.ddns.net\/?p=155293"},"modified":"2010-11-24T20:58:35","modified_gmt":"2010-11-24T20:58:35","slug":"tropas-policiales-y-militares-ocupan-las-calles-de-cabral-y-cachon-en-prevencion-de-incidentes","status":"publish","type":"post","link":"https:\/\/diariodominicano.com\/?p=155293","title":{"rendered":"Tropas policiales y militares ocupan las calles de Cabral y Cach\u00f3n en prevenci\u00f3n de incidentes.&#13;"},"content":{"rendered":"<p><body><\/p>\n<p><strong><span class=\"text1noticias\">TEUDDY A. S\u00c1NCHEZ.<\/span><\/strong><\/p>\n<p><strong><span class=\"text1noticias\">teuddysanchez@yahoo.es<\/span><\/strong><\/p>\n<p><strong><span class=\"text1noticias\"> <\/span><\/strong><\/p>\n<p><strong><span class=\"text1noticias\">        BARAHONA.-<\/span><\/strong><span class=\"text1noticias\"> Tropas policiales y militares patrullan las calles de Cabral y Cach\u00f3n en prevenci\u00f3n de incidentes, tras la muerte de un balazo este mi\u00e9rcoles de un ingeniero agr\u00f3nomo, a manos de un hijo de un coronel retirado de la Polic\u00eda.<\/span><\/p>\n<p><span class=\"text1noticias\"> <\/span><\/p>\n<p><span class=\"text1noticias\">        Los uniformados coparon las calles de ambas localidades de esta provincia, tras la muerte de Fernelis G\u00f3mez F\u00e9liz de 51 a\u00f1os por parte de Roderqui Cuevas de 35 a\u00f1os quien esta pr\u00f3fugo, y es activamente buscado por las autoridades judiciales y policiales.<\/span><\/p>\n<p><span class=\"text1noticias\"> <\/span><\/p>\n<p><span class=\"text1noticias\">         El env\u00edo a esas comunidades de los militares y polic\u00edas se producen adem\u00e1s, por las protestas  ocurridas en Cabral, donde un grupo de personas incendiaron neum\u00e1ticos y bloquearon las calles con palos, botellas  y otros objetos.<\/span><\/p>\n<p><span class=\"text1noticias\"> <\/span><\/p>\n<p><span class=\"text1noticias\">        En la ma\u00f1ana de este mi\u00e9rcoles, un grupo de personas de Cabral se presentaron al liceo Jos\u00e9 Amadis Pe\u00f1a en busca de los estudiantes que son nativos de Cach\u00f3n y estudian en ese centro educativo.<\/span><\/p>\n<p><span class=\"text1noticias\"> <\/span><\/p>\n<p><span class=\"text1noticias\">        Adem\u00e1s, la sede del destacamento policial de Cabral fue agredido a pedradas, seg\u00fan una fuente de la instituci\u00f3n, sin  que nadie resultara herido en la agresi\u00f3n.<\/span><\/p>\n<p><span class=\"text1noticias\"> <\/span><\/p>\n<p><span class=\"text1noticias\">        A pesar del hecho de sangre ocurrido, Cabral y Cach\u00f3n se mantienen en calma, y las actividades pr\u00e1cticamente  paralizadas.<\/span><\/p>\n<p><span class=\"text1noticias\">       <\/span><\/p>\n<p><span class=\"text1noticias\">        El presunto matador es hijo del coronel pensionado de la Polic\u00eda, Rafael Cuevas, quien ocup\u00f3 diversas posiciones en la instituci\u00f3n del orden p\u00fablico.<\/span><\/p>\n<p><span class=\"text1noticias\"> <\/span><\/p>\n<p><span class=\"text1noticias\">        Muchos ciudadanos de Cabral, para evitar confrontaciones con los pobladores de Cach\u00f3n, se est\u00e1n movilizando por el tramo hacia Pe\u00f1\u00f3n.<\/span><\/p>\n<p><span class=\"text1noticias\"> <\/span><\/p>\n<p><span class=\"text1noticias\">         Cuevas, sindicado por la Polic\u00eda como autor de la muerte de G\u00f3mez F\u00e9liz, tuvo problemas personales con dos agentes de la uniformada, parientes del occiso en d\u00edas pasados, de donde viene la rencilla personal<\/span>.<\/p>\n<h6> 2010-11-24 20:58:35 <\/h6>\n<p><!--\n<link rel=\"stylesheet\" href=\"css\/bootstrap.min.css\">\n\n\n<ul class=\"pagination\">\n\t    \n\t\n\n<li >\n\t<a href='?page_no=30460'>Previous<\/a>\n\t<\/li>\n\n\n       \n    \n\n<li><a href='?page_no=1'>1<\/a><\/li>\n\n\n\n<li><a href='?page_no=2'>2<\/a><\/li>\n\n\n\n<li><a>...<\/a><\/li>\n\n\n\n<li><a href='?page_no=30459'>30459<\/a><\/li>\n\n\n\n<li><a href='?page_no=30460'>30460<\/a><\/li>\n\n\n\n<li class='active'><a>30461<\/a><\/li>\n\n\n\n<li><a href='?page_no=30462'>30462<\/a><\/li>\n\n\n\n<li><a href='?page_no=30463'>30463<\/a><\/li>\n\n\n\n<li><a>...<\/a><\/li>\n\n\n\n<li><a href='?page_no=31963'>31963<\/a><\/li>\n\n\n\n<li><a href='?page_no=31964'>31964<\/a><\/li>\n\n    \n\t\n\n<li >\n\t<a href='?page_no=30462'>Next<\/a>\n\t<\/li>\n\n\n    \n\n<li><a href='?page_no=31964'>Last &rsaquo;&rsaquo;<\/a><\/li>\n\n<\/ul>\n\n\n--><br \/>\n<\/body><\/p>\n","protected":false},"excerpt":{"rendered":"<p>TEUDDY A. S\u00c1NCHEZ. teuddysanchez@yahoo.es BARAHONA.- Tropas policiales y militares patrullan las calles de Cabral y Cach\u00f3n en prevenci\u00f3n de incidentes, tras la muerte de un balazo este mi\u00e9rcoles de un ingeniero agr\u00f3nomo, a manos de un hijo de un coronel retirado de la Polic\u00eda. Los uniformados coparon las calles de ambas localidades de esta provincia, [&hellip;]<\/p>\n","protected":false},"author":3,"featured_media":0,"comment_status":"open","ping_status":"open","sticky":false,"template":"","format":"standard","meta":{"footnotes":""},"categories":[24],"tags":[],"class_list":["post-155293","post","type-post","status-publish","format-standard","hentry","category-justicia-y-derecho"],"_links":{"self":[{"href":"https:\/\/diariodominicano.com\/index.php?rest_route=\/wp\/v2\/posts\/155293","targetHints":{"allow":["GET"]}}],"collection":[{"href":"https:\/\/diariodominicano.com\/index.php?rest_route=\/wp\/v2\/posts"}],"about":[{"href":"https:\/\/diariodominicano.com\/index.php?rest_route=\/wp\/v2\/types\/post"}],"author":[{"embeddable":true,"href":"https:\/\/diariodominicano.com\/index.php?rest_route=\/wp\/v2\/users\/3"}],"replies":[{"embeddable":true,"href":"https:\/\/diariodominicano.com\/index.php?rest_route=%2Fwp%2Fv2%2Fcomments&post=155293"}],"version-history":[{"count":0,"href":"https:\/\/diariodominicano.com\/index.php?rest_route=\/wp\/v2\/posts\/155293\/revisions"}],"wp:attachment":[{"href":"https:\/\/diariodominicano.com\/index.php?rest_route=%2Fwp%2Fv2%2Fmedia&parent=155293"}],"wp:term":[{"taxonomy":"category","embeddable":true,"href":"https:\/\/diariodominicano.com\/index.php?rest_route=%2Fwp%2Fv2%2Fcategories&post=155293"},{"taxonomy":"post_tag","embeddable":true,"href":"https:\/\/diariodominicano.com\/index.php?rest_route=%2Fwp%2Fv2%2Ftags&post=155293"}],"curies":[{"name":"wp","href":"https:\/\/api.w.org\/{rel}","templated":true}]}}