{"id":155291,"date":"2010-11-24T21:37:20","date_gmt":"2010-11-24T21:37:20","guid":{"rendered":"http:\/\/diariodominicano.ddns.net\/?p=155291"},"modified":"2010-11-24T21:37:20","modified_gmt":"2010-11-24T21:37:20","slug":"jorge-blanco-es-sometido-a-traqueotomia","status":"publish","type":"post","link":"https:\/\/diariodominicano.com\/?p=155291","title":{"rendered":"&#13;&#13;Jorge Blanco es sometido a traqueotom\u00eda"},"content":{"rendered":"<p><body><\/p>\n<\/p>\n<p><span class=\"text1noticias\">Santo Domingo.-El ex presidente de la Rep\u00fablica, Salvador Jorge Blanco, fue sometido hoy a un procedimiento de traqueotom\u00eda para facilitar el acceso de aire al cerebro.<\/span><\/p>\n<\/p>\n<p><span class=\"text1noticias\"> El neurocirujano Jos\u00e9 Joaqu\u00edn Puello dijo que Jorge Blanco  present\u00f3 ligeros infartos, inform\u00f3 su m\u00e9dico.<\/span><\/p>\n<p><span class=\"text1noticias\">Dijo que el paciente ha presentado una ligera mejor\u00eda, pasando a un coma un poco m\u00e1s superficial, pero que contin\u00faa en estado de gravedad.<\/span><\/p>\n<\/p>\n<p><span class=\"text1noticias\"> Destac\u00f3 que se le repiti\u00f3 la tomograf\u00eda donde se determin\u00f3 que no ha habido m\u00e1s sangrado y que el cerebro ha ido recuper\u00e1ndose poco a poco. <\/span><\/p>\n<p><span class=\"text1noticias\"> <\/span><\/p>\n<p><span class=\"text1noticias\">Asegur\u00f3 que ?solo se han presentado unos peque\u00f1os infartitos que ocurren con este tipo de lesi\u00f3n?.<\/span><\/p>\n<\/p>\n<p><span class=\"text1noticias\">Jorge Blanco permanece desde la ma\u00f1ana del pasado s\u00e1bado en la Unidad de Cuidados Intensivos de la Cl\u00ednica de Medicina Avanzada Abel Gonz\u00e1lez, tras sufrir una ca\u00edda de su cama y presentar una hemorragia cerebral.<\/span><\/p>\n<\/p>\n<h6> 2010-11-24 21:37:20 <\/h6>\n<p><!--\n<link rel=\"stylesheet\" href=\"css\/bootstrap.min.css\">\n\n\n<ul class=\"pagination\">\n\t    \n\t\n\n<li >\n\t<a href='?page_no=30458'>Previous<\/a>\n\t<\/li>\n\n\n       \n    \n\n<li><a href='?page_no=1'>1<\/a><\/li>\n\n\n\n<li><a href='?page_no=2'>2<\/a><\/li>\n\n\n\n<li><a>...<\/a><\/li>\n\n\n\n<li><a href='?page_no=30457'>30457<\/a><\/li>\n\n\n\n<li><a href='?page_no=30458'>30458<\/a><\/li>\n\n\n\n<li class='active'><a>30459<\/a><\/li>\n\n\n\n<li><a href='?page_no=30460'>30460<\/a><\/li>\n\n\n\n<li><a href='?page_no=30461'>30461<\/a><\/li>\n\n\n\n<li><a>...<\/a><\/li>\n\n\n\n<li><a href='?page_no=31963'>31963<\/a><\/li>\n\n\n\n<li><a href='?page_no=31964'>31964<\/a><\/li>\n\n    \n\t\n\n<li >\n\t<a href='?page_no=30460'>Next<\/a>\n\t<\/li>\n\n\n    \n\n<li><a href='?page_no=31964'>Last &rsaquo;&rsaquo;<\/a><\/li>\n\n<\/ul>\n\n\n--><br \/>\n<\/body><\/p>\n","protected":false},"excerpt":{"rendered":"<p>Santo Domingo.-El ex presidente de la Rep\u00fablica, Salvador Jorge Blanco, fue sometido hoy a un procedimiento de traqueotom\u00eda para facilitar el acceso de aire al cerebro. El neurocirujano Jos\u00e9 Joaqu\u00edn Puello dijo que Jorge Blanco present\u00f3 ligeros infartos, inform\u00f3 su m\u00e9dico. Dijo que el paciente ha presentado una ligera mejor\u00eda, pasando a un coma un [&hellip;]<\/p>\n","protected":false},"author":3,"featured_media":0,"comment_status":"open","ping_status":"open","sticky":false,"template":"","format":"standard","meta":{"footnotes":""},"categories":[24],"tags":[],"class_list":["post-155291","post","type-post","status-publish","format-standard","hentry","category-justicia-y-derecho"],"_links":{"self":[{"href":"https:\/\/diariodominicano.com\/index.php?rest_route=\/wp\/v2\/posts\/155291","targetHints":{"allow":["GET"]}}],"collection":[{"href":"https:\/\/diariodominicano.com\/index.php?rest_route=\/wp\/v2\/posts"}],"about":[{"href":"https:\/\/diariodominicano.com\/index.php?rest_route=\/wp\/v2\/types\/post"}],"author":[{"embeddable":true,"href":"https:\/\/diariodominicano.com\/index.php?rest_route=\/wp\/v2\/users\/3"}],"replies":[{"embeddable":true,"href":"https:\/\/diariodominicano.com\/index.php?rest_route=%2Fwp%2Fv2%2Fcomments&post=155291"}],"version-history":[{"count":0,"href":"https:\/\/diariodominicano.com\/index.php?rest_route=\/wp\/v2\/posts\/155291\/revisions"}],"wp:attachment":[{"href":"https:\/\/diariodominicano.com\/index.php?rest_route=%2Fwp%2Fv2%2Fmedia&parent=155291"}],"wp:term":[{"taxonomy":"category","embeddable":true,"href":"https:\/\/diariodominicano.com\/index.php?rest_route=%2Fwp%2Fv2%2Fcategories&post=155291"},{"taxonomy":"post_tag","embeddable":true,"href":"https:\/\/diariodominicano.com\/index.php?rest_route=%2Fwp%2Fv2%2Ftags&post=155291"}],"curies":[{"name":"wp","href":"https:\/\/api.w.org\/{rel}","templated":true}]}}