{"id":155290,"date":"2010-11-24T21:41:42","date_gmt":"2010-11-24T21:41:42","guid":{"rendered":"http:\/\/diariodominicano.ddns.net\/?p=155290"},"modified":"2010-11-24T21:41:42","modified_gmt":"2010-11-24T21:41:42","slug":"incendio-afecta-local-promese-en-avenida-chales-de-gaulle","status":"publish","type":"post","link":"https:\/\/diariodominicano.com\/?p=155290","title":{"rendered":"&#13;Incendio afecta local PROMESE, en avenida Chales de Gaulle"},"content":{"rendered":"<p><body><\/p>\n<\/p>\n<p><span class=\"text1noticias\">Santo Domingo.-Un incendio afect\u00f2 este mi\u00e9rcoles  los almacenes del Programa de Medicamentos Esenciales, PROMESE, que se construyen  en la avenida Charles de Gaulle, al lado del hospital Ney Arias Lora.<\/span><\/p>\n<\/p>\n<p><span class=\"text1noticias\">Hasta el momento se desconocen las causas que provocaron el incendio, mientras autoridades del Cuerpo de Bomberos y del Centro de Operaciones de Emergencia tratan se dirigen hacia el lugar para tratar de sofocarlo.<\/span><\/p>\n<\/p>\n<p><span class=\"text1noticias\">En el lugar se construye la Ciudad Sanitaria que estar\u00e1 compuesta por varios complejos hospitalarios, de los  cuales ya se inaugur\u00f3 el traumatol\u00f3gico Ney Arias.<\/span><\/p>\n<\/p>\n<p><span class=\"text1noticias\">Al inicio del siniestro se presum\u00eda que era en el hospital, sin embargo su director, F\u00e9lix Hern\u00e1ndez, confirm\u00f3 que era en los almacenes de PROMESE que se construyen cerca del centro.<\/span><\/p>\n<\/p>\n<h6> 2010-11-24 21:41:42 <\/h6>\n<p><!--\n<link rel=\"stylesheet\" href=\"css\/bootstrap.min.css\">\n\n\n<ul class=\"pagination\">\n\t    \n\t\n\n<li >\n\t<a href='?page_no=30457'>Previous<\/a>\n\t<\/li>\n\n\n       \n    \n\n<li><a href='?page_no=1'>1<\/a><\/li>\n\n\n\n<li><a href='?page_no=2'>2<\/a><\/li>\n\n\n\n<li><a>...<\/a><\/li>\n\n\n\n<li><a href='?page_no=30456'>30456<\/a><\/li>\n\n\n\n<li><a href='?page_no=30457'>30457<\/a><\/li>\n\n\n\n<li class='active'><a>30458<\/a><\/li>\n\n\n\n<li><a href='?page_no=30459'>30459<\/a><\/li>\n\n\n\n<li><a href='?page_no=30460'>30460<\/a><\/li>\n\n\n\n<li><a>...<\/a><\/li>\n\n\n\n<li><a href='?page_no=31963'>31963<\/a><\/li>\n\n\n\n<li><a href='?page_no=31964'>31964<\/a><\/li>\n\n    \n\t\n\n<li >\n\t<a href='?page_no=30459'>Next<\/a>\n\t<\/li>\n\n\n    \n\n<li><a href='?page_no=31964'>Last &rsaquo;&rsaquo;<\/a><\/li>\n\n<\/ul>\n\n\n--><br \/>\n<\/body><\/p>\n","protected":false},"excerpt":{"rendered":"<p>Santo Domingo.-Un incendio afect\u00f2 este mi\u00e9rcoles los almacenes del Programa de Medicamentos Esenciales, PROMESE, que se construyen en la avenida Charles de Gaulle, al lado del hospital Ney Arias Lora. Hasta el momento se desconocen las causas que provocaron el incendio, mientras autoridades del Cuerpo de Bomberos y del Centro de Operaciones de Emergencia tratan [&hellip;]<\/p>\n","protected":false},"author":3,"featured_media":0,"comment_status":"open","ping_status":"open","sticky":false,"template":"","format":"standard","meta":{"footnotes":""},"categories":[24],"tags":[],"class_list":["post-155290","post","type-post","status-publish","format-standard","hentry","category-justicia-y-derecho"],"_links":{"self":[{"href":"https:\/\/diariodominicano.com\/index.php?rest_route=\/wp\/v2\/posts\/155290","targetHints":{"allow":["GET"]}}],"collection":[{"href":"https:\/\/diariodominicano.com\/index.php?rest_route=\/wp\/v2\/posts"}],"about":[{"href":"https:\/\/diariodominicano.com\/index.php?rest_route=\/wp\/v2\/types\/post"}],"author":[{"embeddable":true,"href":"https:\/\/diariodominicano.com\/index.php?rest_route=\/wp\/v2\/users\/3"}],"replies":[{"embeddable":true,"href":"https:\/\/diariodominicano.com\/index.php?rest_route=%2Fwp%2Fv2%2Fcomments&post=155290"}],"version-history":[{"count":0,"href":"https:\/\/diariodominicano.com\/index.php?rest_route=\/wp\/v2\/posts\/155290\/revisions"}],"wp:attachment":[{"href":"https:\/\/diariodominicano.com\/index.php?rest_route=%2Fwp%2Fv2%2Fmedia&parent=155290"}],"wp:term":[{"taxonomy":"category","embeddable":true,"href":"https:\/\/diariodominicano.com\/index.php?rest_route=%2Fwp%2Fv2%2Fcategories&post=155290"},{"taxonomy":"post_tag","embeddable":true,"href":"https:\/\/diariodominicano.com\/index.php?rest_route=%2Fwp%2Fv2%2Ftags&post=155290"}],"curies":[{"name":"wp","href":"https:\/\/api.w.org\/{rel}","templated":true}]}}