{"id":155289,"date":"2010-11-24T21:50:37","date_gmt":"2010-11-24T21:50:37","guid":{"rendered":"http:\/\/diariodominicano.ddns.net\/?p=155289"},"modified":"2010-11-24T21:50:37","modified_gmt":"2010-11-24T21:50:37","slug":"gutierrez-felix-califica-de-cobardes-e-infames-acusaciones-en-su-contra","status":"publish","type":"post","link":"https:\/\/diariodominicano.com\/?p=155289","title":{"rendered":"Guti\u00e9rrez F\u00e9lix  califica de cobardes e infames acusaciones en su contra"},"content":{"rendered":"<p><body><\/p>\n<p><img decoding=\"async\" src=\"http:\/\/localhost:8080\/justiciayderecho\/img3\/euclides gutierrez feliz.jpg\" \/>  <\/p>\n<\/p>\n<\/p>\n<p><span class=\"text1noticias\">Santo Domingo.-Euclides Guti\u00e9rrez F\u00e9lix, miembro del Comit\u00e9 Pol\u00edtico del Partido de la Liberaci\u00f3n Dominicana calific\u00f3 de graves, cobardes e infames las  acusaciones en sus contra que se han ventilado en un programa semanal de televisi\u00f3n graves y adelant\u00f3 que llevar\u00e1 las mismas hasta las ultimas consecuencias.<\/span><\/p>\n<\/p>\n<p><span class=\"text1noticias\">Sstiene que las acusaciones en su contra forman parte de un plan de descr\u00e9dito en contra de la gesti\u00f3n de gobierno presidido por el Presidente Leonel Fern\u00e1ndez y contra el PLD. <\/span><\/p>\n<\/p>\n<p><span class=\"text1noticias\">\u00abSon parte importante de una campa\u00f1a difamatoria contra el gobierno del Partido de la Liberaci\u00f3n Dominicana que preside  Leonel Fern\u00e1ndez Reyna y los m\u00e1s sobresalientes dirigentes de esa organizaci\u00f3n\u00bb, se expresa en el comunicado.<\/span><\/p>\n<\/p>\n<p><span class=\"text1noticias\">Guti\u00e9rrez F\u00e9lix adelant\u00f3 que  responder\u00e1 una por una oportunamente, las acusaciones en  contra su persona como funcionario del actual gobierno y como dirigente pol\u00edtico.<\/span><\/p>\n<\/p>\n<p><span class=\"text1noticias\">El Secretario de Estado y Encargado de la Superintendencia de Seguros responsabiliza a la empresa propietaria o arrendataria del espacio en la televisora Antena Latina a  Participaci\u00f3n Ciudadana, la cual est\u00e1 acompa\u00f1ada de la Asociaci\u00f3n Nacional de J\u00f3venes Empresarios, La Federaci\u00f3n de Asociaciones Industriales, El Foro Ciudadano y otras que integran el Programa Acci\u00f3n Ciudadana, seg\u00fan afirman voceros de la primera ONG de orquestar la campana en su contra, de la gesti\u00f3n de gobierno y del PLD. <\/span><\/p>\n<\/p>\n<p><span class=\"text1noticias\">En el comunicado se  califica a los  detractores de Guti\u00e9rrez F\u00e9lix  de \u00abasesinos de reputaciones\u00bb, por carecer de  fundamento jur\u00eddicos o pol\u00edticos para \u00abenlodar el perfil de responsabilidad ciudadana, que ha sido el patr\u00f3n, inquebrantable, de su comportamiento en la historia de nuestro pueblo\u00bb.<\/span><\/p>\n<\/p>\n<p><span class=\"text1noticias\">El vocero radial del Partido de la Liberaci\u00f3n Dominicana La Voz del PLD, que se difunde de lunes a viernes por las estaciones del Circuito Popular, ley\u00f3 un documento p\u00fablico  de Gutierre Feliz, y sali\u00f3 en su defensa  resaltando su condici\u00f3n de dirigente pol\u00edtico de extraordinarias condiciones morales. <\/span><\/p>\n<\/p>\n<h6> 2010-11-24 21:50:37 <\/h6>\n<p><!--\n<link rel=\"stylesheet\" href=\"css\/bootstrap.min.css\">\n\n\n<ul class=\"pagination\">\n\t    \n\t\n\n<li >\n\t<a href='?page_no=30456'>Previous<\/a>\n\t<\/li>\n\n\n       \n    \n\n<li><a href='?page_no=1'>1<\/a><\/li>\n\n\n\n<li><a href='?page_no=2'>2<\/a><\/li>\n\n\n\n<li><a>...<\/a><\/li>\n\n\n\n<li><a href='?page_no=30455'>30455<\/a><\/li>\n\n\n\n<li><a href='?page_no=30456'>30456<\/a><\/li>\n\n\n\n<li class='active'><a>30457<\/a><\/li>\n\n\n\n<li><a href='?page_no=30458'>30458<\/a><\/li>\n\n\n\n<li><a href='?page_no=30459'>30459<\/a><\/li>\n\n\n\n<li><a>...<\/a><\/li>\n\n\n\n<li><a href='?page_no=31963'>31963<\/a><\/li>\n\n\n\n<li><a href='?page_no=31964'>31964<\/a><\/li>\n\n    \n\t\n\n<li >\n\t<a href='?page_no=30458'>Next<\/a>\n\t<\/li>\n\n\n    \n\n<li><a href='?page_no=31964'>Last &rsaquo;&rsaquo;<\/a><\/li>\n\n<\/ul>\n\n\n--><br \/>\n<\/body><\/p>\n","protected":false},"excerpt":{"rendered":"<p>Santo Domingo.-Euclides Guti\u00e9rrez F\u00e9lix, miembro del Comit\u00e9 Pol\u00edtico del Partido de la Liberaci\u00f3n Dominicana calific\u00f3 de graves, cobardes e infames las acusaciones en sus contra que se han ventilado en un programa semanal de televisi\u00f3n graves y adelant\u00f3 que llevar\u00e1 las mismas hasta las ultimas consecuencias. Sstiene que las acusaciones en su contra forman parte [&hellip;]<\/p>\n","protected":false},"author":3,"featured_media":0,"comment_status":"open","ping_status":"open","sticky":false,"template":"","format":"standard","meta":{"footnotes":""},"categories":[24],"tags":[],"class_list":["post-155289","post","type-post","status-publish","format-standard","hentry","category-justicia-y-derecho"],"_links":{"self":[{"href":"https:\/\/diariodominicano.com\/index.php?rest_route=\/wp\/v2\/posts\/155289","targetHints":{"allow":["GET"]}}],"collection":[{"href":"https:\/\/diariodominicano.com\/index.php?rest_route=\/wp\/v2\/posts"}],"about":[{"href":"https:\/\/diariodominicano.com\/index.php?rest_route=\/wp\/v2\/types\/post"}],"author":[{"embeddable":true,"href":"https:\/\/diariodominicano.com\/index.php?rest_route=\/wp\/v2\/users\/3"}],"replies":[{"embeddable":true,"href":"https:\/\/diariodominicano.com\/index.php?rest_route=%2Fwp%2Fv2%2Fcomments&post=155289"}],"version-history":[{"count":0,"href":"https:\/\/diariodominicano.com\/index.php?rest_route=\/wp\/v2\/posts\/155289\/revisions"}],"wp:attachment":[{"href":"https:\/\/diariodominicano.com\/index.php?rest_route=%2Fwp%2Fv2%2Fmedia&parent=155289"}],"wp:term":[{"taxonomy":"category","embeddable":true,"href":"https:\/\/diariodominicano.com\/index.php?rest_route=%2Fwp%2Fv2%2Fcategories&post=155289"},{"taxonomy":"post_tag","embeddable":true,"href":"https:\/\/diariodominicano.com\/index.php?rest_route=%2Fwp%2Fv2%2Ftags&post=155289"}],"curies":[{"name":"wp","href":"https:\/\/api.w.org\/{rel}","templated":true}]}}