{"id":155288,"date":"2010-11-24T22:09:01","date_gmt":"2010-11-24T22:09:01","guid":{"rendered":"http:\/\/diariodominicano.ddns.net\/?p=155288"},"modified":"2010-11-24T22:09:01","modified_gmt":"2010-11-24T22:09:01","slug":"apresan-grupo-acusado-matar-empresario-en-juan-dolio","status":"publish","type":"post","link":"https:\/\/diariodominicano.com\/?p=155288","title":{"rendered":"&#13;&#13;Apresan grupo acusado matar empresario en Juan Dolio"},"content":{"rendered":"<p><body><\/p>\n<p><span class=\"text1noticias\">Santo Domingo.-Fueron apresados cuatro de seis hombres  acusados de perpetrar un asalto en la residencia del empresario Juan Miguel Taurina Barcel\u00f3, de 52 a\u00f1os, quien fue asesinado de varios disparos el pasado seis de este mes en Juan Dolio.<\/span><\/p>\n<\/p>\n<p><span class=\"text1noticias\">El vocero de la Polic\u00eda, M\u00e1ximo B\u00e1ez,  identific\u00f3 a los detenidos como Jeremi Mariano N\u00fa\u00f1ez de los Santos, Manuel Antonio Rosario, Rafael Encarnaci\u00f3n de los Santos y Francisco del Rosario.<\/span><\/p>\n<\/p>\n<p><span class=\"text1noticias\">Los dos primeros fueron acusados de participar de manera directa en el hecho, mientras que de los Santos supuestamente fue quien facilit\u00f3 el arma homicida y del Rosario prest\u00f3 el veh\u00edculo que utilizaron para cometer el hecho.<\/span><\/p>\n<\/p>\n<p><span class=\"text1noticias\">La Polic\u00eda  persigue, adem\u00e1s, a Daniel Ram\u00edrez Mercedes, y otro hombre s\u00f3lo identificado con el apodo de Quij\u00e1.<\/span><\/p>\n<p><span class=\"text1noticias\">Se\u00f1ala que los investigadores determinaron que el grupo estaba coordinado por Rosario de los Santos, quien se encarg\u00f3 de ubicar la casa del empresario, de donde cargaron con la suma de 300 mil pesos de una caja fuerte.<\/span><\/p>\n<\/p>\n<h6> 2010-11-24 22:09:01 <\/h6>\n<p><!--\n<link rel=\"stylesheet\" href=\"css\/bootstrap.min.css\">\n\n\n<ul class=\"pagination\">\n\t    \n\t\n\n<li >\n\t<a href='?page_no=30455'>Previous<\/a>\n\t<\/li>\n\n\n       \n    \n\n<li><a href='?page_no=1'>1<\/a><\/li>\n\n\n\n<li><a href='?page_no=2'>2<\/a><\/li>\n\n\n\n<li><a>...<\/a><\/li>\n\n\n\n<li><a href='?page_no=30454'>30454<\/a><\/li>\n\n\n\n<li><a href='?page_no=30455'>30455<\/a><\/li>\n\n\n\n<li class='active'><a>30456<\/a><\/li>\n\n\n\n<li><a href='?page_no=30457'>30457<\/a><\/li>\n\n\n\n<li><a href='?page_no=30458'>30458<\/a><\/li>\n\n\n\n<li><a>...<\/a><\/li>\n\n\n\n<li><a href='?page_no=31963'>31963<\/a><\/li>\n\n\n\n<li><a href='?page_no=31964'>31964<\/a><\/li>\n\n    \n\t\n\n<li >\n\t<a href='?page_no=30457'>Next<\/a>\n\t<\/li>\n\n\n    \n\n<li><a href='?page_no=31964'>Last &rsaquo;&rsaquo;<\/a><\/li>\n\n<\/ul>\n\n\n--><br \/>\n<\/body><\/p>\n","protected":false},"excerpt":{"rendered":"<p>Santo Domingo.-Fueron apresados cuatro de seis hombres acusados de perpetrar un asalto en la residencia del empresario Juan Miguel Taurina Barcel\u00f3, de 52 a\u00f1os, quien fue asesinado de varios disparos el pasado seis de este mes en Juan Dolio. El vocero de la Polic\u00eda, M\u00e1ximo B\u00e1ez, identific\u00f3 a los detenidos como Jeremi Mariano N\u00fa\u00f1ez de [&hellip;]<\/p>\n","protected":false},"author":3,"featured_media":0,"comment_status":"open","ping_status":"open","sticky":false,"template":"","format":"standard","meta":{"footnotes":""},"categories":[24],"tags":[],"class_list":["post-155288","post","type-post","status-publish","format-standard","hentry","category-justicia-y-derecho"],"_links":{"self":[{"href":"https:\/\/diariodominicano.com\/index.php?rest_route=\/wp\/v2\/posts\/155288","targetHints":{"allow":["GET"]}}],"collection":[{"href":"https:\/\/diariodominicano.com\/index.php?rest_route=\/wp\/v2\/posts"}],"about":[{"href":"https:\/\/diariodominicano.com\/index.php?rest_route=\/wp\/v2\/types\/post"}],"author":[{"embeddable":true,"href":"https:\/\/diariodominicano.com\/index.php?rest_route=\/wp\/v2\/users\/3"}],"replies":[{"embeddable":true,"href":"https:\/\/diariodominicano.com\/index.php?rest_route=%2Fwp%2Fv2%2Fcomments&post=155288"}],"version-history":[{"count":0,"href":"https:\/\/diariodominicano.com\/index.php?rest_route=\/wp\/v2\/posts\/155288\/revisions"}],"wp:attachment":[{"href":"https:\/\/diariodominicano.com\/index.php?rest_route=%2Fwp%2Fv2%2Fmedia&parent=155288"}],"wp:term":[{"taxonomy":"category","embeddable":true,"href":"https:\/\/diariodominicano.com\/index.php?rest_route=%2Fwp%2Fv2%2Fcategories&post=155288"},{"taxonomy":"post_tag","embeddable":true,"href":"https:\/\/diariodominicano.com\/index.php?rest_route=%2Fwp%2Fv2%2Ftags&post=155288"}],"curies":[{"name":"wp","href":"https:\/\/api.w.org\/{rel}","templated":true}]}}