{"id":155287,"date":"2010-11-24T22:23:43","date_gmt":"2010-11-24T22:23:43","guid":{"rendered":"http:\/\/diariodominicano.ddns.net\/?p=155287"},"modified":"2010-11-24T22:23:43","modified_gmt":"2010-11-24T22:23:43","slug":"senador-guerrero-pide-se-den-nombres-de-funcionarios-y-generales-que-estarian-ligados-a-figueroa-agosto","status":"publish","type":"post","link":"https:\/\/diariodominicano.com\/?p=155287","title":{"rendered":"&#13;Senador Guerrero pide se den nombres de funcionarios y generales que estar\u00edan ligados a Figueroa Agosto&#13;"},"content":{"rendered":"<p><body><\/p>\n<\/p>\n<\/p>\n<p><span class=\"text1noticias\">Santo Domingo.-El senador pelede\u00edsta por la provincial Peravia, Wilton Guerrero, pidi\u00f3 que sean identificados e investigados los funcionarios civiles y generales que pudieran estar involucrados con el narcotraficante Jos\u00e9 David Figueroa Agosto.<\/span><\/p>\n<\/p>\n<p><span class=\"text1noticias\">Entiende que el pa\u00eds adolece de los mecanismos para castigar a quienes pasan del rango de coronel, resaltando que nunca se ha visto que un general vaya a los tribunales por estar vinculado en un caso de narcotr\u00e1fico.<\/span><\/p>\n<\/p>\n<p><span class=\"text1noticias\">Dijo que una muestra de ello es el caso Paya el cual se limit\u00f3 solo a los que fueron apresados, sin que en ning\u00fan momento fueran se\u00f1alados los de mayores rangos involucrados.<\/span><\/p>\n<\/p>\n<p><span class=\"text1noticias\">Favorece la extradici\u00f3n de todos los vinculados a la red de Figueroa Agosto, indicando que quiz\u00e1s as\u00ed se haga justicia y se llegue a los dem\u00e1s implicados.<\/span><\/p>\n<\/p>\n<p><span class=\"text1noticias\">Asegur\u00f3 que ?porque aqu\u00ed en el pa\u00eds, el castigo en los tribunales es muy dif\u00edcil que pase de un coronel. En el caso de Figueroa Agosto, hay personajes que brindaban impunidad, que brindaban protecci\u00f3n, que serv\u00edan de entes operativos que no han salidos a relucir y no saldr\u00edan en relucir en un juicio aqu\u00ed?.<\/span><\/p>\n<\/p>\n<p><span class=\"text1noticias\">Guerrero dijo que el anuncio de que algunos involucrados  ser\u00e1n extraditados a Puerto Rico debe tener nerviosos a muchos que se cre\u00edan intocables, ?por lo que deben estar tomando t\u00e9 de guan\u00e1bana para la tembladera de las piernas y las rodillas?.<\/span><\/p>\n<h6> 2010-11-24 22:23:43 <\/h6>\n<p><!--\n<link rel=\"stylesheet\" href=\"css\/bootstrap.min.css\">\n\n\n<ul class=\"pagination\">\n\t    \n\t\n\n<li >\n\t<a href='?page_no=30454'>Previous<\/a>\n\t<\/li>\n\n\n       \n    \n\n<li><a href='?page_no=1'>1<\/a><\/li>\n\n\n\n<li><a href='?page_no=2'>2<\/a><\/li>\n\n\n\n<li><a>...<\/a><\/li>\n\n\n\n<li><a href='?page_no=30453'>30453<\/a><\/li>\n\n\n\n<li><a href='?page_no=30454'>30454<\/a><\/li>\n\n\n\n<li class='active'><a>30455<\/a><\/li>\n\n\n\n<li><a href='?page_no=30456'>30456<\/a><\/li>\n\n\n\n<li><a href='?page_no=30457'>30457<\/a><\/li>\n\n\n\n<li><a>...<\/a><\/li>\n\n\n\n<li><a href='?page_no=31963'>31963<\/a><\/li>\n\n\n\n<li><a href='?page_no=31964'>31964<\/a><\/li>\n\n    \n\t\n\n<li >\n\t<a href='?page_no=30456'>Next<\/a>\n\t<\/li>\n\n\n    \n\n<li><a href='?page_no=31964'>Last &rsaquo;&rsaquo;<\/a><\/li>\n\n<\/ul>\n\n\n--><br \/>\n<\/body><\/p>\n","protected":false},"excerpt":{"rendered":"<p>Santo Domingo.-El senador pelede\u00edsta por la provincial Peravia, Wilton Guerrero, pidi\u00f3 que sean identificados e investigados los funcionarios civiles y generales que pudieran estar involucrados con el narcotraficante Jos\u00e9 David Figueroa Agosto. Entiende que el pa\u00eds adolece de los mecanismos para castigar a quienes pasan del rango de coronel, resaltando que nunca se ha visto [&hellip;]<\/p>\n","protected":false},"author":3,"featured_media":0,"comment_status":"open","ping_status":"open","sticky":false,"template":"","format":"standard","meta":{"footnotes":""},"categories":[24],"tags":[],"class_list":["post-155287","post","type-post","status-publish","format-standard","hentry","category-justicia-y-derecho"],"_links":{"self":[{"href":"https:\/\/diariodominicano.com\/index.php?rest_route=\/wp\/v2\/posts\/155287","targetHints":{"allow":["GET"]}}],"collection":[{"href":"https:\/\/diariodominicano.com\/index.php?rest_route=\/wp\/v2\/posts"}],"about":[{"href":"https:\/\/diariodominicano.com\/index.php?rest_route=\/wp\/v2\/types\/post"}],"author":[{"embeddable":true,"href":"https:\/\/diariodominicano.com\/index.php?rest_route=\/wp\/v2\/users\/3"}],"replies":[{"embeddable":true,"href":"https:\/\/diariodominicano.com\/index.php?rest_route=%2Fwp%2Fv2%2Fcomments&post=155287"}],"version-history":[{"count":0,"href":"https:\/\/diariodominicano.com\/index.php?rest_route=\/wp\/v2\/posts\/155287\/revisions"}],"wp:attachment":[{"href":"https:\/\/diariodominicano.com\/index.php?rest_route=%2Fwp%2Fv2%2Fmedia&parent=155287"}],"wp:term":[{"taxonomy":"category","embeddable":true,"href":"https:\/\/diariodominicano.com\/index.php?rest_route=%2Fwp%2Fv2%2Fcategories&post=155287"},{"taxonomy":"post_tag","embeddable":true,"href":"https:\/\/diariodominicano.com\/index.php?rest_route=%2Fwp%2Fv2%2Ftags&post=155287"}],"curies":[{"name":"wp","href":"https:\/\/api.w.org\/{rel}","templated":true}]}}