{"id":155286,"date":"2010-11-24T22:40:17","date_gmt":"2010-11-24T22:40:17","guid":{"rendered":"http:\/\/diariodominicano.ddns.net\/?p=155286"},"modified":"2010-11-24T22:40:17","modified_gmt":"2010-11-24T22:40:17","slug":"conep-solicita-la-firma-del-pacto-por-la-calidad-de-la-educacion","status":"publish","type":"post","link":"https:\/\/diariodominicano.com\/?p=155286","title":{"rendered":"CONEP solicita la firma del pacto por la calidad de la educaci\u00f3n"},"content":{"rendered":"<p><body><\/p>\n<p><img decoding=\"async\" src=\"http:\/\/localhost:8080\/justiciayderecho\/img3\/lisandro macarulla.jpg\" \/>  <\/p>\n<\/p>\n<\/p>\n<\/p>\n<p><span class=\"text1noticias\">Santo Domingo.- El presidente del Consejo Nacional de la Empresa Privada (CONEP), Lisandro Macarrulla, declar\u00f3 que el pacto por la calidad de la educaci\u00f3n que es un paso trascendental para el pa\u00eds, est\u00e1 listo y solo se espera la convocatoria del presidente de la Rep\u00fablica para firmarlo. <\/span><\/p>\n<\/p>\n<p><span class=\"text1noticias\">Macarrulla Tavares se refiri\u00f3 a las declaraciones del martes pasado en Santiago, del se\u00f1or Presidente de la Rep\u00fablica, Leonel Fern\u00e1ndez, con motivo de la celebraci\u00f3n del 25 aniversario de la Asociaci\u00f3n de Industriales de la Regi\u00f3n Norte (AIREN), en el tema referido a la educaci\u00f3n nacional.<\/span><\/p>\n<\/p>\n<p><span class=\"text1noticias\">\u00abComo muy bien se\u00f1ala el Se\u00f1or Presidente, la educaci\u00f3n es un tema medular para el futuro de la Rep\u00fablica Dominicana e hizo referencia al pacto educativo que est\u00e1 pendiente de firma y ejecuci\u00f3n entre el Gobierno y las principales organizaciones empresariales y de la sociedad civil, propuesto hace m\u00e1s de un a\u00f1o por el CONEP y el cual se conoci\u00f3 en una reuni\u00f3n encabezada por el presidente Fern\u00e1ndez, con la participaci\u00f3n de distinguidas figuras de la iglesia, del empresariado nacional, distinguidos educadores y representantes de la sociedad civil\u00bb, declar\u00f3 Macarrulla Tavares.<\/span><\/p>\n<\/p>\n<p><span class=\"text1noticias\">El presidente del CONEP expres\u00f3 que el ?Pacto Social por la Calidad de la Educaci\u00f3n Dominicana en todos Niveles, por el Impulso de la Ciencia y la Tecnolog\u00eda, como Base del Desarrollo Social?, elaborado por la comisi\u00f3n mixta que se designara en el Palacio Nacional, est\u00e1 en manos de Monse\u00f1or Agripino N\u00fa\u00f1ez Collado, s\u00f3lo esperando que el presidente Fern\u00e1ndez ponga la fecha para la firma del mismo.<\/span><\/p>\n<\/p>\n<p><span class=\"text1noticias\">Macarulla agreg\u00f3 que este pacto es un paso trascendental para el pa\u00eds porque va a unir a la sociedad dominicana en el tema de mayor transcendencia para el desarrollo social y econ\u00f3mico de la naci\u00f3n, agregando que la educaci\u00f3n, como derecho social inalienable, debe ser el eslab\u00f3n articulador en el que se sinteticen todos los sue\u00f1os y el esfuerzo para que nuestras generaciones de los j\u00f3venes de hoy y los ciudadanos del ma\u00f1ana sean mejores ciudadanos. <\/span><\/p>\n<\/p>\n<p><span class=\"text1noticias\">De una misma patria, de un mismo estado, donde todos encontremos legitimas respuestas que la formaci\u00f3n moral y \u00e9tica de los dominicanos le presente al pa\u00eds. <\/span><\/p>\n<\/p>\n<p><span class=\"text1noticias\">\u00abApreciamos que la educaci\u00f3n dominicana debe sustentarse en el esfuerzo de todos, amparados en el ser que queremos formar y en la identidad nacional que nos debe distinguir\u00bb, dijo Macarrulla Tavares.<\/span><\/p>\n<\/p>\n<p><span class=\"text1noticias\">El presidente del CONEP entiende que una sola es la patria y una sola es la sociedad dominicana por la cual todos debemos trabajar, sin discriminaciones ni exclusiones de ninguna \u00edndole, concibiendo un esfuerzo de pa\u00eds y una sinergia que contrib. \u00abY solo una educaci\u00f3n de calidad hace posible este logro, fundamentados en el desarrollo sostenible del pa\u00eds y el desarrollo y la mejora integral de los ciudadanos dominicanos\u00bb, afirm\u00f3.<\/span><\/p>\n<\/p>\n<p><span class=\"text1noticias\">Finaliz\u00f3 Macarrulla diciendo que el empresariado nacional espera que el Presidente convoque a la firma de este gran pacto que ser\u00eda la piedra angular que unir\u00eda a los dominicanos y definir\u00eda la pol\u00edtica educativa, con la filosof\u00eda que la sustente para dar respuestas desde el aula a los reclamos de la sociedad.<\/span><\/p>\n<\/p>\n<p><span class=\"text1noticias\">En relaci\u00f3n a la inversi\u00f3n en educaci\u00f3n, el presidente del CONEP record\u00f3 que en la Cumbre por la Unidad Nacional Frente a la Crisis Econ\u00f3mica Mundial, hubo consenso un\u00e1nime en que el Gobierno respetara la asignaci\u00f3n de las partidas presupuestarias establecidas para cumplir los planes decenales de educaci\u00f3n 2008-2018 y que en el caso del a\u00f1o 2011, en el \u00e1mbito del Ministerio de Educaci\u00f3n, el Plan Decenal manda 3.22% del PIB, para lograr en el a\u00f1o 2013 el 4% que nos permitir\u00eda cumplir con el mandato de la Ley General de Educaci\u00f3n 66-97.<\/span><\/p>\n<\/p>\n<p><span class=\"text1noticias\">Macarrulla dijo que el presidente tiene raz\u00f3n, cuando dice que no solo el dinero es lo necesario para mejorar la educaci\u00f3n, pero afirm\u00f3 que sin una buena inversi\u00f3n no se pueden cumplir los planes.<\/span><\/p>\n<\/p>\n<h6> 2010-11-24 22:40:17 <\/h6>\n<p><!--\n<link rel=\"stylesheet\" href=\"css\/bootstrap.min.css\">\n\n\n<ul class=\"pagination\">\n\t    \n\t\n\n<li >\n\t<a href='?page_no=30453'>Previous<\/a>\n\t<\/li>\n\n\n       \n    \n\n<li><a href='?page_no=1'>1<\/a><\/li>\n\n\n\n<li><a href='?page_no=2'>2<\/a><\/li>\n\n\n\n<li><a>...<\/a><\/li>\n\n\n\n<li><a href='?page_no=30452'>30452<\/a><\/li>\n\n\n\n<li><a href='?page_no=30453'>30453<\/a><\/li>\n\n\n\n<li class='active'><a>30454<\/a><\/li>\n\n\n\n<li><a href='?page_no=30455'>30455<\/a><\/li>\n\n\n\n<li><a href='?page_no=30456'>30456<\/a><\/li>\n\n\n\n<li><a>...<\/a><\/li>\n\n\n\n<li><a href='?page_no=31963'>31963<\/a><\/li>\n\n\n\n<li><a href='?page_no=31964'>31964<\/a><\/li>\n\n    \n\t\n\n<li >\n\t<a href='?page_no=30455'>Next<\/a>\n\t<\/li>\n\n\n    \n\n<li><a href='?page_no=31964'>Last &rsaquo;&rsaquo;<\/a><\/li>\n\n<\/ul>\n\n\n--><br \/>\n<\/body><\/p>\n","protected":false},"excerpt":{"rendered":"<p>Santo Domingo.- El presidente del Consejo Nacional de la Empresa Privada (CONEP), Lisandro Macarrulla, declar\u00f3 que el pacto por la calidad de la educaci\u00f3n que es un paso trascendental para el pa\u00eds, est\u00e1 listo y solo se espera la convocatoria del presidente de la Rep\u00fablica para firmarlo. Macarrulla Tavares se refiri\u00f3 a las declaraciones del [&hellip;]<\/p>\n","protected":false},"author":3,"featured_media":0,"comment_status":"open","ping_status":"open","sticky":false,"template":"","format":"standard","meta":{"footnotes":""},"categories":[24],"tags":[],"class_list":["post-155286","post","type-post","status-publish","format-standard","hentry","category-justicia-y-derecho"],"_links":{"self":[{"href":"https:\/\/diariodominicano.com\/index.php?rest_route=\/wp\/v2\/posts\/155286","targetHints":{"allow":["GET"]}}],"collection":[{"href":"https:\/\/diariodominicano.com\/index.php?rest_route=\/wp\/v2\/posts"}],"about":[{"href":"https:\/\/diariodominicano.com\/index.php?rest_route=\/wp\/v2\/types\/post"}],"author":[{"embeddable":true,"href":"https:\/\/diariodominicano.com\/index.php?rest_route=\/wp\/v2\/users\/3"}],"replies":[{"embeddable":true,"href":"https:\/\/diariodominicano.com\/index.php?rest_route=%2Fwp%2Fv2%2Fcomments&post=155286"}],"version-history":[{"count":0,"href":"https:\/\/diariodominicano.com\/index.php?rest_route=\/wp\/v2\/posts\/155286\/revisions"}],"wp:attachment":[{"href":"https:\/\/diariodominicano.com\/index.php?rest_route=%2Fwp%2Fv2%2Fmedia&parent=155286"}],"wp:term":[{"taxonomy":"category","embeddable":true,"href":"https:\/\/diariodominicano.com\/index.php?rest_route=%2Fwp%2Fv2%2Fcategories&post=155286"},{"taxonomy":"post_tag","embeddable":true,"href":"https:\/\/diariodominicano.com\/index.php?rest_route=%2Fwp%2Fv2%2Ftags&post=155286"}],"curies":[{"name":"wp","href":"https:\/\/api.w.org\/{rel}","templated":true}]}}