{"id":155285,"date":"2010-11-25T15:34:40","date_gmt":"2010-11-25T15:34:40","guid":{"rendered":"http:\/\/diariodominicano.ddns.net\/?p=155285"},"modified":"2010-11-25T15:34:40","modified_gmt":"2010-11-25T15:34:40","slug":"onamet-dice-continuara-friito-y-alerta-para-navegaciones-debido-a-olas-anormales","status":"publish","type":"post","link":"https:\/\/diariodominicano.com\/?p=155285","title":{"rendered":"&#13;ONAMET  dice continuar\u00e1 fri\u00edto y alerta para navegaciones debido a olas anormales"},"content":{"rendered":"<p><body><\/p>\n<p><span class=\"text1noticias\">Santo Domingo, 25 nov 2010.-  La Oficina Nacional de Meteorolog\u00eda (Onamet) inform\u00f3 este jueves que  contin\u00faa el alerta  para la navegaci\u00f3n debido a vientos y olas anormales en las costas del Atl\u00e1ntico, el mar Caribe y la bah\u00eda de Saman\u00e1.<\/span><\/p>\n<\/p>\n<p><span class=\"text1noticias\">Asimismo dijo que seguir\u00e1 el fri\u00edto por las noches y la madrugada en todo el territorio dominicano debido a la incidencia del viento del Noreste generado por un sistema de alta presi\u00f3n localizado en aguas del Atl\u00e1ntico Norte.<\/span><\/p>\n<\/p>\n<p><span class=\"text1noticias\">La ocurrencia de lluvias se registra con mayor frecuencia hacia las provincias de Hato Mayor, Monte Plata, Saman\u00e1,  Mar\u00eda Trinidad S\u00e1nchez y Espaillat.<\/span><\/p>\n<\/p>\n<p><span class=\"text1noticias\">Asimismo, la Onamet indica que el cielo permanecer\u00e1 medio nublado en la provincia de Santo Domingo y el Distrito Nacional con lluvias dispersas en forma de llovizna.<\/span><\/p>\n<\/p>\n<p><span class=\"text1noticias\">En las costas del Atl\u00e1ntico los vientos del Noreste oscilan entre quince y 20 nudos y el oleaje entre cinco y ocho pies de altura aumentando mar afuera, Para la Bah\u00eda de Saman\u00e1 la Onamet recomienda a los operadores de peque\u00f1as embarcaciones navegar con precauci\u00f3n cerca de las costas.  <\/span><\/p>\n<\/p>\n<p><span class=\"text1noticias\">En promedio, el oleaje oscila entre cinco y ocho pies de altura increment\u00e1ndose fuera de la ensenada y los vientos del Este Noreste oscilan entre 10 y 20 nudos, Mientras que, en las costas del Mar Caribe el oleaje oscila entre tres y cinco pies de altura y los vientos del Noreste oscilan entre 15 y 20 nudos y r\u00e1fagas ocasionales.<\/span><\/p>\n<h6> 2010-11-25 15:34:40 <\/h6>\n<p><!--\n<link rel=\"stylesheet\" href=\"css\/bootstrap.min.css\">\n\n\n<ul class=\"pagination\">\n\t    \n\t\n\n<li >\n\t<a href='?page_no=30452'>Previous<\/a>\n\t<\/li>\n\n\n       \n    \n\n<li><a href='?page_no=1'>1<\/a><\/li>\n\n\n\n<li><a href='?page_no=2'>2<\/a><\/li>\n\n\n\n<li><a>...<\/a><\/li>\n\n\n\n<li><a href='?page_no=30451'>30451<\/a><\/li>\n\n\n\n<li><a href='?page_no=30452'>30452<\/a><\/li>\n\n\n\n<li class='active'><a>30453<\/a><\/li>\n\n\n\n<li><a href='?page_no=30454'>30454<\/a><\/li>\n\n\n\n<li><a href='?page_no=30455'>30455<\/a><\/li>\n\n\n\n<li><a>...<\/a><\/li>\n\n\n\n<li><a href='?page_no=31963'>31963<\/a><\/li>\n\n\n\n<li><a href='?page_no=31964'>31964<\/a><\/li>\n\n    \n\t\n\n<li >\n\t<a href='?page_no=30454'>Next<\/a>\n\t<\/li>\n\n\n    \n\n<li><a href='?page_no=31964'>Last &rsaquo;&rsaquo;<\/a><\/li>\n\n<\/ul>\n\n\n--><br \/>\n<\/body><\/p>\n","protected":false},"excerpt":{"rendered":"<p>Santo Domingo, 25 nov 2010.- La Oficina Nacional de Meteorolog\u00eda (Onamet) inform\u00f3 este jueves que contin\u00faa el alerta para la navegaci\u00f3n debido a vientos y olas anormales en las costas del Atl\u00e1ntico, el mar Caribe y la bah\u00eda de Saman\u00e1. Asimismo dijo que seguir\u00e1 el fri\u00edto por las noches y la madrugada en todo el [&hellip;]<\/p>\n","protected":false},"author":3,"featured_media":0,"comment_status":"open","ping_status":"open","sticky":false,"template":"","format":"standard","meta":{"footnotes":""},"categories":[24],"tags":[],"class_list":["post-155285","post","type-post","status-publish","format-standard","hentry","category-justicia-y-derecho"],"_links":{"self":[{"href":"https:\/\/diariodominicano.com\/index.php?rest_route=\/wp\/v2\/posts\/155285","targetHints":{"allow":["GET"]}}],"collection":[{"href":"https:\/\/diariodominicano.com\/index.php?rest_route=\/wp\/v2\/posts"}],"about":[{"href":"https:\/\/diariodominicano.com\/index.php?rest_route=\/wp\/v2\/types\/post"}],"author":[{"embeddable":true,"href":"https:\/\/diariodominicano.com\/index.php?rest_route=\/wp\/v2\/users\/3"}],"replies":[{"embeddable":true,"href":"https:\/\/diariodominicano.com\/index.php?rest_route=%2Fwp%2Fv2%2Fcomments&post=155285"}],"version-history":[{"count":0,"href":"https:\/\/diariodominicano.com\/index.php?rest_route=\/wp\/v2\/posts\/155285\/revisions"}],"wp:attachment":[{"href":"https:\/\/diariodominicano.com\/index.php?rest_route=%2Fwp%2Fv2%2Fmedia&parent=155285"}],"wp:term":[{"taxonomy":"category","embeddable":true,"href":"https:\/\/diariodominicano.com\/index.php?rest_route=%2Fwp%2Fv2%2Fcategories&post=155285"},{"taxonomy":"post_tag","embeddable":true,"href":"https:\/\/diariodominicano.com\/index.php?rest_route=%2Fwp%2Fv2%2Ftags&post=155285"}],"curies":[{"name":"wp","href":"https:\/\/api.w.org\/{rel}","templated":true}]}}