{"id":155283,"date":"2010-11-25T19:08:12","date_gmt":"2010-11-25T19:08:12","guid":{"rendered":"http:\/\/diariodominicano.ddns.net\/?p=155283"},"modified":"2010-11-25T19:08:12","modified_gmt":"2010-11-25T19:08:12","slug":"santo-domingo-oeste-tiene-el-mayor-numero-de-casos-de-violencia-contra-mujeres","status":"publish","type":"post","link":"https:\/\/diariodominicano.com\/?p=155283","title":{"rendered":"Santo Domingo Oeste tiene el mayor n\u00famero de casos de violencia contra mujeres"},"content":{"rendered":"<p><body><\/p>\n<p><img decoding=\"async\" src=\"http:\/\/localhost:8080\/justiciayderecho\/img3\/rosanna reyes.jpg\" \/>  <\/p>\n<\/p>\n<p><span class=\"text1noticias\"> <\/span><\/p>\n<\/p>\n<p><span class=\"text1noticias\">Santo Domingo Oeste es la zona del pa\u00eds donde se registra la mayor cantidad de violencia contra las mujeres, afirm\u00f3 ayer la doctora Rossanna Reyes, procuradora adjunta para asuntos de violencia familiar de la fiscal\u00eda de Distrito Nacional.<\/span><\/p>\n<\/p>\n<p><span class=\"text1noticias\">La funcionaria dijo que las estad\u00edsticas revelan que donde se registran m\u00e1s casos de violencia de hombres contra mujeres son el Distrito Nacional, Santo Domingo Este, Santo Domingo Norte, Santo Domingo Oeste y Santiago.<\/span><\/p>\n<\/p>\n<p><span class=\"text1noticias\">Dijo que este tipo de violencia se est\u00e1 incrementando en los \u00faltimos meses y este a\u00f1o, al mes de septiembre, hab\u00edan muerto a manos de hombres 74 mujeres, cifra superior a la del a\u00f1o anterior.<\/span><\/p>\n<\/p>\n<p><span class=\"text1noticias\">Durante una entrevista en el programa de televisi\u00f3n El Bulevar con Pablo, por el Canal 37, Reyes revel\u00f3 que en la Rep\u00fablica Dominicana son asesinadas m\u00e1s del doble de mujeres que en naciones que, como Espa\u00f1a, cuadriplican nuestra poblaci\u00f3n,<\/span><\/p>\n<\/p>\n<p><span class=\"text1noticias\">A su entender se hace necesario recomponer los esquemas de educaci\u00f3n tradicionales dentro de las familias para poder eliminar lo que defini\u00f3 como ?c\u00f3digo de violencia? que se le inculca a los hombres y aun a muchas mujeres.<\/span><\/p>\n<\/p>\n<p><span class=\"text1noticias\">Descart\u00f3 que exista un aumento de la violencia de las mujeres contra los hombres y afirm\u00f3 que las estad\u00edsticas revelan que representan alrededor del uno por ciento de los casos registrados.<\/span><\/p>\n<\/p>\n<p><span class=\"text1noticias\">Asimismo descart\u00f3 que el agresor promedio sea producto de hogares violentos. Es en el 20% de los casos registrados, indic\u00f3, que se comprueba que el agresor proviene de familias con tradici\u00f3n de este tipo de acciones.<\/span><\/p>\n<\/p>\n<p><span class=\"text1noticias\">Reyes anunci\u00f3 una nueva campa\u00f1a de publicidad contra la violencia de los hombres hacia las mujeres e inform\u00f3 de la creaci\u00f3n de facilidades para atender las querellas. El personal que atender\u00e1 estos casos est\u00e1 siendo entrenado, dijo, para reducir los tr\u00e1mites y asegurar amparo a las v\u00edctimas.<\/span><\/p>\n<\/p>\n<p><span class=\"text1noticias\">Este tipo de violencia, dijo, es la principal causa de muerte de mujeres en el mundo seg\u00fan las cifras de la Organizaci\u00f3n Mundial de la Salud.<\/span><\/p>\n<\/p>\n<p><span class=\"text1noticias\">Advirti\u00f3 que en el pa\u00eds esta forma de violencia es un grave problema de salud p\u00fablica que debe ser enfrentado por m\u00faltiples sectores y la sociedad toda para educar en nuevas formas de convivencia y tolerancia entre las personas.<\/span><\/p>\n<\/p>\n<\/p>\n<h6> 2010-11-25 19:08:12 <\/h6>\n<p><!--\n<link rel=\"stylesheet\" href=\"css\/bootstrap.min.css\">\n\n\n<ul class=\"pagination\">\n\t    \n\t\n\n<li >\n\t<a href='?page_no=30450'>Previous<\/a>\n\t<\/li>\n\n\n       \n    \n\n<li><a href='?page_no=1'>1<\/a><\/li>\n\n\n\n<li><a href='?page_no=2'>2<\/a><\/li>\n\n\n\n<li><a>...<\/a><\/li>\n\n\n\n<li><a href='?page_no=30449'>30449<\/a><\/li>\n\n\n\n<li><a href='?page_no=30450'>30450<\/a><\/li>\n\n\n\n<li class='active'><a>30451<\/a><\/li>\n\n\n\n<li><a href='?page_no=30452'>30452<\/a><\/li>\n\n\n\n<li><a href='?page_no=30453'>30453<\/a><\/li>\n\n\n\n<li><a>...<\/a><\/li>\n\n\n\n<li><a href='?page_no=31963'>31963<\/a><\/li>\n\n\n\n<li><a href='?page_no=31964'>31964<\/a><\/li>\n\n    \n\t\n\n<li >\n\t<a href='?page_no=30452'>Next<\/a>\n\t<\/li>\n\n\n    \n\n<li><a href='?page_no=31964'>Last &rsaquo;&rsaquo;<\/a><\/li>\n\n<\/ul>\n\n\n--><br \/>\n<\/body><\/p>\n","protected":false},"excerpt":{"rendered":"<p>Santo Domingo Oeste es la zona del pa\u00eds donde se registra la mayor cantidad de violencia contra las mujeres, afirm\u00f3 ayer la doctora Rossanna Reyes, procuradora adjunta para asuntos de violencia familiar de la fiscal\u00eda de Distrito Nacional. La funcionaria dijo que las estad\u00edsticas revelan que donde se registran m\u00e1s casos de violencia de hombres [&hellip;]<\/p>\n","protected":false},"author":3,"featured_media":0,"comment_status":"open","ping_status":"open","sticky":false,"template":"","format":"standard","meta":{"footnotes":""},"categories":[24],"tags":[],"class_list":["post-155283","post","type-post","status-publish","format-standard","hentry","category-justicia-y-derecho"],"_links":{"self":[{"href":"https:\/\/diariodominicano.com\/index.php?rest_route=\/wp\/v2\/posts\/155283","targetHints":{"allow":["GET"]}}],"collection":[{"href":"https:\/\/diariodominicano.com\/index.php?rest_route=\/wp\/v2\/posts"}],"about":[{"href":"https:\/\/diariodominicano.com\/index.php?rest_route=\/wp\/v2\/types\/post"}],"author":[{"embeddable":true,"href":"https:\/\/diariodominicano.com\/index.php?rest_route=\/wp\/v2\/users\/3"}],"replies":[{"embeddable":true,"href":"https:\/\/diariodominicano.com\/index.php?rest_route=%2Fwp%2Fv2%2Fcomments&post=155283"}],"version-history":[{"count":0,"href":"https:\/\/diariodominicano.com\/index.php?rest_route=\/wp\/v2\/posts\/155283\/revisions"}],"wp:attachment":[{"href":"https:\/\/diariodominicano.com\/index.php?rest_route=%2Fwp%2Fv2%2Fmedia&parent=155283"}],"wp:term":[{"taxonomy":"category","embeddable":true,"href":"https:\/\/diariodominicano.com\/index.php?rest_route=%2Fwp%2Fv2%2Fcategories&post=155283"},{"taxonomy":"post_tag","embeddable":true,"href":"https:\/\/diariodominicano.com\/index.php?rest_route=%2Fwp%2Fv2%2Ftags&post=155283"}],"curies":[{"name":"wp","href":"https:\/\/api.w.org\/{rel}","templated":true}]}}