{"id":155280,"date":"2010-11-25T19:25:37","date_gmt":"2010-11-25T19:25:37","guid":{"rendered":"http:\/\/diariodominicano.ddns.net\/?p=155280"},"modified":"2010-11-25T19:25:37","modified_gmt":"2010-11-25T19:25:37","slug":"condenan-a-20-anos-atracador-y-sicarios","status":"publish","type":"post","link":"https:\/\/diariodominicano.com\/?p=155280","title":{"rendered":"Condenan a  20 a\u00f1os atracador y sicarios"},"content":{"rendered":"<p><body><\/p>\n<\/p>\n<p><span class=\"text1noticias\">El primer Tribunal Colegiado de la Provincia Santo Domino condeno a 20 a\u00f1os de prisi\u00f3n a dos hombres por el asalto y posterior asesinato de un comerciante en el sector de los Guaricanos.<\/span><\/p>\n<\/p>\n<p><span class=\"text1noticias\">El tribunal, presidido por el juez Luis Lara, encontr\u00f3 culpable de la muerte de Pedro Nolasco Pe\u00f1a Jimenez a Jos\u00e9 Antonio Abreu alias el Jefry y a Ronnin Diaz.<\/span><\/p>\n<\/p>\n<p><span class=\"text1noticias\">De acuerdo a la sentencia, Jose Antonio fue quien mato de dos disparos al comerciante quien intento evitar el asalto a su Pica Pollo, mientras que Ronnin, su compa\u00f1ero en el crimen, fue condenado por complicidad.<\/span><\/p>\n<p><span class=\"text1noticias\"> <\/span><\/p>\n<p><span class=\"text1noticias\">El magistrado Luis Lara , aclaro que si el tribunal no le impuso 30 a\u00f1os de prisi\u00f3n a Jos\u00e9 Antonio Abreu fue por inexactitudes del Ministerio publico en la calificaci\u00f3n del crimen.<\/span><\/p>\n<\/p>\n<p><span class=\"text1noticias\">Jos\u00e9 Antonio Garcia ha sido se\u00f1alado por residentes de los Guaricanos como el cabecilla de una banda de delincuentes que, adem\u00e1s, se dedicba al asesinato por encargo al servicio del narcotr\u00e1fico..<\/span><\/p>\n<\/p>\n<p><span class=\"text1noticias\">El asalto y posterior asesinato de Pedro Nolasco Pe\u00f1a ocurri\u00f3 el d\u00eda 5 de Septiembre del 2009, dejando en la orfandad a siete hijos, incluyendo dos de cuatro y cincos a\u00f1os.<\/span><\/p>\n<\/p>\n<h6> 2010-11-25 19:25:37 <\/h6>\n<p><!--\n<link rel=\"stylesheet\" href=\"css\/bootstrap.min.css\">\n\n\n<ul class=\"pagination\">\n\t    \n\t\n\n<li >\n\t<a href='?page_no=30447'>Previous<\/a>\n\t<\/li>\n\n\n       \n    \n\n<li><a href='?page_no=1'>1<\/a><\/li>\n\n\n\n<li><a href='?page_no=2'>2<\/a><\/li>\n\n\n\n<li><a>...<\/a><\/li>\n\n\n\n<li><a href='?page_no=30446'>30446<\/a><\/li>\n\n\n\n<li><a href='?page_no=30447'>30447<\/a><\/li>\n\n\n\n<li class='active'><a>30448<\/a><\/li>\n\n\n\n<li><a href='?page_no=30449'>30449<\/a><\/li>\n\n\n\n<li><a href='?page_no=30450'>30450<\/a><\/li>\n\n\n\n<li><a>...<\/a><\/li>\n\n\n\n<li><a href='?page_no=31963'>31963<\/a><\/li>\n\n\n\n<li><a href='?page_no=31964'>31964<\/a><\/li>\n\n    \n\t\n\n<li >\n\t<a href='?page_no=30449'>Next<\/a>\n\t<\/li>\n\n\n    \n\n<li><a href='?page_no=31964'>Last &rsaquo;&rsaquo;<\/a><\/li>\n\n<\/ul>\n\n\n--><br \/>\n<\/body><\/p>\n","protected":false},"excerpt":{"rendered":"<p>El primer Tribunal Colegiado de la Provincia Santo Domino condeno a 20 a\u00f1os de prisi\u00f3n a dos hombres por el asalto y posterior asesinato de un comerciante en el sector de los Guaricanos. El tribunal, presidido por el juez Luis Lara, encontr\u00f3 culpable de la muerte de Pedro Nolasco Pe\u00f1a Jimenez a Jos\u00e9 Antonio Abreu [&hellip;]<\/p>\n","protected":false},"author":3,"featured_media":0,"comment_status":"open","ping_status":"open","sticky":false,"template":"","format":"standard","meta":{"footnotes":""},"categories":[24],"tags":[],"class_list":["post-155280","post","type-post","status-publish","format-standard","hentry","category-justicia-y-derecho"],"_links":{"self":[{"href":"https:\/\/diariodominicano.com\/index.php?rest_route=\/wp\/v2\/posts\/155280","targetHints":{"allow":["GET"]}}],"collection":[{"href":"https:\/\/diariodominicano.com\/index.php?rest_route=\/wp\/v2\/posts"}],"about":[{"href":"https:\/\/diariodominicano.com\/index.php?rest_route=\/wp\/v2\/types\/post"}],"author":[{"embeddable":true,"href":"https:\/\/diariodominicano.com\/index.php?rest_route=\/wp\/v2\/users\/3"}],"replies":[{"embeddable":true,"href":"https:\/\/diariodominicano.com\/index.php?rest_route=%2Fwp%2Fv2%2Fcomments&post=155280"}],"version-history":[{"count":0,"href":"https:\/\/diariodominicano.com\/index.php?rest_route=\/wp\/v2\/posts\/155280\/revisions"}],"wp:attachment":[{"href":"https:\/\/diariodominicano.com\/index.php?rest_route=%2Fwp%2Fv2%2Fmedia&parent=155280"}],"wp:term":[{"taxonomy":"category","embeddable":true,"href":"https:\/\/diariodominicano.com\/index.php?rest_route=%2Fwp%2Fv2%2Fcategories&post=155280"},{"taxonomy":"post_tag","embeddable":true,"href":"https:\/\/diariodominicano.com\/index.php?rest_route=%2Fwp%2Fv2%2Ftags&post=155280"}],"curies":[{"name":"wp","href":"https:\/\/api.w.org\/{rel}","templated":true}]}}