{"id":155279,"date":"2010-11-25T19:30:52","date_gmt":"2010-11-25T19:30:52","guid":{"rendered":"http:\/\/diariodominicano.ddns.net\/?p=155279"},"modified":"2010-11-25T19:30:52","modified_gmt":"2010-11-25T19:30:52","slug":"presidente-lamenta-tragedia-en-ciudad-de-la-salud-y-anuncia-investigacion-para-determinar-causa","status":"publish","type":"post","link":"https:\/\/diariodominicano.com\/?p=155279","title":{"rendered":"Presidente lamenta tragedia en Ciudad de la Salud y anuncia investigaci\u00f3n para determinar causa"},"content":{"rendered":"<p><body><\/p>\n<p><img decoding=\"async\" src=\"http:\/\/localhost:8080\/justiciayderecho\/img3\/presidente jarabacoa.JPG\" \/>  <\/p>\n<p><span class=\"text1noticias\">Jarabacoa.-El presidente Leonel Fern\u00e1ndez, lament\u00f3 las muertes de nueve personas durante un incendio que afect\u00f3 la construcci\u00f3n de un edificio de almac\u00e9n del Programa de Medicamentos Esenciales ?Promese- en la Ciudad de la Salud, en la avenida Charles de Gaulle y dijo que orden\u00f3 una investigaci\u00f3n para determinar las causas que originaron el sinistro.<\/span><\/p>\n<\/p>\n<p><span class=\"text1noticias\">El jefe de Estado envi\u00f3 sus m\u00e1s profundas condolencias a los familiares de las v\u00edctimas.<\/span><\/p>\n<\/p>\n<p><span class=\"text1noticias\">\u00abEstamos consternados con lo que ha sucedido. Se estaba trabajando en la terminaci\u00f3n de este proyecto dentro de la Ciudad de la Salud y de repente ha ocurrido esta tragedia que ha cobrado nueve vidas, incluido profesionales\u00bb, indic\u00f3.<\/span><\/p>\n<\/p>\n<p><span class=\"text1noticias\">Tras manifestar consternaci\u00f3n, Fern\u00e1ndez destac\u00f3 que se estaban terminando los trabajos para la inauguraci\u00f3n de la Ciudad de la Salud, en la avenida Charles de Gaulle, en Santo Domingo Norte.<\/span><\/p>\n<\/p>\n<p><span class=\"text1noticias\">Asimismo, dijo que se realizar\u00e1n las acciones de lugar para evitar que casos similares vuelvan a ocurrir.<\/span><\/p>\n<\/p>\n<p><span class=\"text1noticias\">Fern\u00e1ndez habl\u00f3 en el municipio Jarabacoa, La Vega, durante al acto de inauguraci\u00f3n del proyecto tur\u00edstico \u00abJarabacoa Country Club\u00bb, cuya inversi\u00f3n en su primera etapa, supera los RD$75 millones.<\/span><\/p>\n<\/p>\n<\/p>\n<\/p>\n<\/p>\n<h6> 2010-11-25 19:30:52 <\/h6>\n<p><!--\n<link rel=\"stylesheet\" href=\"css\/bootstrap.min.css\">\n\n\n<ul class=\"pagination\">\n\t    \n\t\n\n<li >\n\t<a href='?page_no=30446'>Previous<\/a>\n\t<\/li>\n\n\n       \n    \n\n<li><a href='?page_no=1'>1<\/a><\/li>\n\n\n\n<li><a href='?page_no=2'>2<\/a><\/li>\n\n\n\n<li><a>...<\/a><\/li>\n\n\n\n<li><a href='?page_no=30445'>30445<\/a><\/li>\n\n\n\n<li><a href='?page_no=30446'>30446<\/a><\/li>\n\n\n\n<li class='active'><a>30447<\/a><\/li>\n\n\n\n<li><a href='?page_no=30448'>30448<\/a><\/li>\n\n\n\n<li><a href='?page_no=30449'>30449<\/a><\/li>\n\n\n\n<li><a>...<\/a><\/li>\n\n\n\n<li><a href='?page_no=31963'>31963<\/a><\/li>\n\n\n\n<li><a href='?page_no=31964'>31964<\/a><\/li>\n\n    \n\t\n\n<li >\n\t<a href='?page_no=30448'>Next<\/a>\n\t<\/li>\n\n\n    \n\n<li><a href='?page_no=31964'>Last &rsaquo;&rsaquo;<\/a><\/li>\n\n<\/ul>\n\n\n--><br \/>\n<\/body><\/p>\n","protected":false},"excerpt":{"rendered":"<p>Jarabacoa.-El presidente Leonel Fern\u00e1ndez, lament\u00f3 las muertes de nueve personas durante un incendio que afect\u00f3 la construcci\u00f3n de un edificio de almac\u00e9n del Programa de Medicamentos Esenciales ?Promese- en la Ciudad de la Salud, en la avenida Charles de Gaulle y dijo que orden\u00f3 una investigaci\u00f3n para determinar las causas que originaron el sinistro. El [&hellip;]<\/p>\n","protected":false},"author":3,"featured_media":0,"comment_status":"open","ping_status":"open","sticky":false,"template":"","format":"standard","meta":{"footnotes":""},"categories":[24],"tags":[],"class_list":["post-155279","post","type-post","status-publish","format-standard","hentry","category-justicia-y-derecho"],"_links":{"self":[{"href":"https:\/\/diariodominicano.com\/index.php?rest_route=\/wp\/v2\/posts\/155279","targetHints":{"allow":["GET"]}}],"collection":[{"href":"https:\/\/diariodominicano.com\/index.php?rest_route=\/wp\/v2\/posts"}],"about":[{"href":"https:\/\/diariodominicano.com\/index.php?rest_route=\/wp\/v2\/types\/post"}],"author":[{"embeddable":true,"href":"https:\/\/diariodominicano.com\/index.php?rest_route=\/wp\/v2\/users\/3"}],"replies":[{"embeddable":true,"href":"https:\/\/diariodominicano.com\/index.php?rest_route=%2Fwp%2Fv2%2Fcomments&post=155279"}],"version-history":[{"count":0,"href":"https:\/\/diariodominicano.com\/index.php?rest_route=\/wp\/v2\/posts\/155279\/revisions"}],"wp:attachment":[{"href":"https:\/\/diariodominicano.com\/index.php?rest_route=%2Fwp%2Fv2%2Fmedia&parent=155279"}],"wp:term":[{"taxonomy":"category","embeddable":true,"href":"https:\/\/diariodominicano.com\/index.php?rest_route=%2Fwp%2Fv2%2Fcategories&post=155279"},{"taxonomy":"post_tag","embeddable":true,"href":"https:\/\/diariodominicano.com\/index.php?rest_route=%2Fwp%2Fv2%2Ftags&post=155279"}],"curies":[{"name":"wp","href":"https:\/\/api.w.org\/{rel}","templated":true}]}}