{"id":155277,"date":"2010-11-25T20:08:58","date_gmt":"2010-11-25T20:08:58","guid":{"rendered":"http:\/\/diariodominicano.ddns.net\/?p=155277"},"modified":"2010-11-25T20:08:58","modified_gmt":"2010-11-25T20:08:58","slug":"camacho-fija-posicion-del-pld-y-la-adp-sobre-temas-magisteriales-en-el-debate","status":"publish","type":"post","link":"https:\/\/diariodominicano.com\/?p=155277","title":{"rendered":"Camacho fija posici\u00f3n del PLD y la ADP sobre temas magisteriales en el debate"},"content":{"rendered":"<p><body><\/p>\n<p><span class=\"text1noticias\">Radham\u00e9s Camacho, miembro del Comit\u00e9 Pol\u00edtico del Partido de la Liberaci\u00f3n Dominicana (PLD) se manifest\u00f3 opuesto  a que se eliminen   contenidos, considerados  fundamentales de curriculum  formativo de los escolares dominicanos.<\/span><\/p>\n<\/p>\n<p><span class=\"text1noticias\">Camacho con estas declaraciones externa tambi\u00e9n la posici\u00f3n de la Asociaci\u00f3n Dominicana de Profesores sobre una supuesta decisi\u00f3n de eliminar la ense\u00f1anza de la lengua espa\u00f1ola.<\/span><\/p>\n<p><span class=\"text1noticias\"> <\/span><\/p>\n<p><span class=\"text1noticias\">El titular de la Secretar\u00eda de Asuntos Magisteriales del PLD record\u00f3, ante el contrario,  algunas inclusiones que se hacen a la materia de Lengua Espa\u00f1ola, antes<\/span><\/p>\n<p><span class=\"text1noticias\"> <\/span><\/p>\n<p><span class=\"text1noticias\">\u00abUn contenido puede ser modificado para mejorarlo, antes nos hablaban solamente  de sujeto y predicado, no nos hablaban de morfemas, de sintagmas, te hablaban de la s\u00edlaba, ahora te hablan de m\u00e9todo de palabras normales\u00bb, subray\u00f3 el tambi\u00e9n diputado nacional por el PLD.<\/span><\/p>\n<p><span class=\"text1noticias\"> <\/span><\/p>\n<p><span class=\"text1noticias\">Defendi\u00f3 las transformaciones en el seguro   m\u00e9dico de los  profesores SEMMA, que pas\u00f3 de una entidad de diagn\u00f3stico a una ARS de servicio que puede acoger a maestros, maestras, sus hijos mayores de 18 a\u00f1os que antes no era posible.<\/span><\/p>\n<p><span class=\"text1noticias\"> <\/span><\/p>\n<p><span class=\"text1noticias\">?Pasamos entonces de tener cl\u00ednicas contratadas, s\u00f3lo para el  diagnostico,  a establecer una red de prestadora; por eventos, ten\u00edamos que registrar nuestra cartera de afiliados, ten\u00edamos que automatizar nuestra cartera de contabilidad, ten\u00edamos que hacer una red de prestadora en tres vertientes, diagnostico, laboratorio y farmacia?, subray\u00f3 Camacho al destacar que ahora el maestro puede afiliar a sus padres en Plan Complementario.<\/span><\/p>\n<p><span class=\"text1noticias\"> <\/span><\/p>\n<p><span class=\"text1noticias\">Sobre supuestas acciones incorrectas en la ARS SEMMA, dijo que la C\u00e1mara de Cuentas les hizo una auditor\u00eda y es \u00e9l, como miembro del Consejo en su condici\u00f3n de Presidente de la ADP;  quien aprovecha para pedir la entrega inmediata de la misma.<\/span><\/p>\n<\/p>\n<p><span class=\"text1noticias\"> Neg\u00f3 Radham\u00e9s Camacho al periodista H\u00e9ctor Herrera  que  la Asociaci\u00f3n Dominicana de Profesores haya orientado la impartici\u00f3n de s\u00f3lo dos horas de docencia para demandar  la asignaci\u00f3n del 4 por ciento del PIB para en presupuesto indicativo.<\/span><\/p>\n<p><span class=\"text1noticias\"> <\/span><\/p>\n<p><span class=\"text1noticias\">\u00abLas tareas de asistir frente al Congreso acordamos hacerla  sin suspensi\u00f3n de docencia.  Esa es la orientaci\u00f3n oficial del Comit\u00e9 Ejecutivo de la ADP, comprometida como cualquier ciudadano,  con el deber y la obligaci\u00f3n de dar clases\u00bb, sostuvo.<\/span><\/p>\n<p><span class=\"text1noticias\"> <\/span><\/p>\n<p><span class=\"text1noticias\"> Camacho dijo que la Asociaci\u00f3n Dominicana de Profesores que \u00e9l dirige est\u00e1 comprometida con una mejor calidad de la educaci\u00f3n, de ah\u00ed el \u00e9nfasis en que se aumente la inversi\u00f3n en el sector.<\/span><\/p>\n<\/p>\n<h6> 2010-11-25 20:08:58 <\/h6>\n<p><!--\n<link rel=\"stylesheet\" href=\"css\/bootstrap.min.css\">\n\n\n<ul class=\"pagination\">\n\t    \n\t\n\n<li >\n\t<a href='?page_no=30444'>Previous<\/a>\n\t<\/li>\n\n\n       \n    \n\n<li><a href='?page_no=1'>1<\/a><\/li>\n\n\n\n<li><a href='?page_no=2'>2<\/a><\/li>\n\n\n\n<li><a>...<\/a><\/li>\n\n\n\n<li><a href='?page_no=30443'>30443<\/a><\/li>\n\n\n\n<li><a href='?page_no=30444'>30444<\/a><\/li>\n\n\n\n<li class='active'><a>30445<\/a><\/li>\n\n\n\n<li><a href='?page_no=30446'>30446<\/a><\/li>\n\n\n\n<li><a href='?page_no=30447'>30447<\/a><\/li>\n\n\n\n<li><a>...<\/a><\/li>\n\n\n\n<li><a href='?page_no=31963'>31963<\/a><\/li>\n\n\n\n<li><a href='?page_no=31964'>31964<\/a><\/li>\n\n    \n\t\n\n<li >\n\t<a href='?page_no=30446'>Next<\/a>\n\t<\/li>\n\n\n    \n\n<li><a href='?page_no=31964'>Last &rsaquo;&rsaquo;<\/a><\/li>\n\n<\/ul>\n\n\n--><br \/>\n<\/body><\/p>\n","protected":false},"excerpt":{"rendered":"<p>Radham\u00e9s Camacho, miembro del Comit\u00e9 Pol\u00edtico del Partido de la Liberaci\u00f3n Dominicana (PLD) se manifest\u00f3 opuesto a que se eliminen contenidos, considerados fundamentales de curriculum formativo de los escolares dominicanos. Camacho con estas declaraciones externa tambi\u00e9n la posici\u00f3n de la Asociaci\u00f3n Dominicana de Profesores sobre una supuesta decisi\u00f3n de eliminar la ense\u00f1anza de la lengua [&hellip;]<\/p>\n","protected":false},"author":3,"featured_media":0,"comment_status":"open","ping_status":"open","sticky":false,"template":"","format":"standard","meta":{"footnotes":""},"categories":[24],"tags":[],"class_list":["post-155277","post","type-post","status-publish","format-standard","hentry","category-justicia-y-derecho"],"_links":{"self":[{"href":"https:\/\/diariodominicano.com\/index.php?rest_route=\/wp\/v2\/posts\/155277","targetHints":{"allow":["GET"]}}],"collection":[{"href":"https:\/\/diariodominicano.com\/index.php?rest_route=\/wp\/v2\/posts"}],"about":[{"href":"https:\/\/diariodominicano.com\/index.php?rest_route=\/wp\/v2\/types\/post"}],"author":[{"embeddable":true,"href":"https:\/\/diariodominicano.com\/index.php?rest_route=\/wp\/v2\/users\/3"}],"replies":[{"embeddable":true,"href":"https:\/\/diariodominicano.com\/index.php?rest_route=%2Fwp%2Fv2%2Fcomments&post=155277"}],"version-history":[{"count":0,"href":"https:\/\/diariodominicano.com\/index.php?rest_route=\/wp\/v2\/posts\/155277\/revisions"}],"wp:attachment":[{"href":"https:\/\/diariodominicano.com\/index.php?rest_route=%2Fwp%2Fv2%2Fmedia&parent=155277"}],"wp:term":[{"taxonomy":"category","embeddable":true,"href":"https:\/\/diariodominicano.com\/index.php?rest_route=%2Fwp%2Fv2%2Fcategories&post=155277"},{"taxonomy":"post_tag","embeddable":true,"href":"https:\/\/diariodominicano.com\/index.php?rest_route=%2Fwp%2Fv2%2Ftags&post=155277"}],"curies":[{"name":"wp","href":"https:\/\/api.w.org\/{rel}","templated":true}]}}