{"id":155276,"date":"2010-11-25T20:18:05","date_gmt":"2010-11-25T20:18:05","guid":{"rendered":"http:\/\/diariodominicano.ddns.net\/?p=155276"},"modified":"2010-11-25T20:18:05","modified_gmt":"2010-11-25T20:18:05","slug":"procurador-visita-camara-de-diputados","status":"publish","type":"post","link":"https:\/\/diariodominicano.com\/?p=155276","title":{"rendered":"Procurador visita C\u00e1mara de Diputados"},"content":{"rendered":"<p><body><\/p>\n<\/p>\n<p><span class=\"text1noticias\">Santo Domingo.- El procurador general de la Rep\u00fablica, doctor Radham\u00e9s Jim\u00e9nez Pe\u00f1a, se reuni\u00f3 con la Comisi\u00f3n de Justicia de la C\u00e1mara de Diputados, que preside Dem\u00f3stedes Mart\u00ednez,  para tratar aspectos relacionados con la Ley Org\u00e1nica que crea el Consejo Superior del Ministerio P\u00fablico.<\/span><\/p>\n<p><span class=\"text1noticias\"> <\/span><\/p>\n<p><span class=\"text1noticias\">La C\u00e1mara de Diputados aprob\u00f3 el Consejo Superior del Ministerio P\u00fablico, a la cual el Poder Ejecutivo le hizo observaciones que incluye nuevo contenido, por lo que el procurador general de la Rep\u00fablica fue invitado por los legisladores para conocer su opini\u00f3n al respecto.<\/span><\/p>\n<p><span class=\"text1noticias\"> <\/span><\/p>\n<p><span class=\"text1noticias\">La creaci\u00f3n del referido consejo es un mandato de la Nueva Constituci\u00f3n, aprobada el pasado 26 de Enero.  En el encuentro se determin\u00f3 que hay consenso entre los miembros de esa comisi\u00f3n, incluyendo representantes de los partidos de la Liberaci\u00f3n Dominicana, Revolucionario Dominicano y Reformista Social Cristiano, de la importancia de la ley y discuten la forma c\u00f3mo se introducir\u00e1n los ajustes que envi\u00f3 el Poder Ejecutivo.<\/span><\/p>\n<p><span class=\"text1noticias\"> <\/span><\/p>\n<p><span class=\"text1noticias\">El doctor Jim\u00e9nez Pe\u00f1a, al tiempo de calificar el encuentro de muy productivo,  dijo que el consejo es de vital importancia, porque funcionar\u00eda como el brazo ejecutor para la Procuradur\u00eda General de la Rep\u00fablica en casos en donde se necesita tomar decisiones con rapidez.<\/span><\/p>\n<p><span class=\"text1noticias\"> <\/span><\/p>\n<p><span class=\"text1noticias\">Mientras que el presidente de la Comisi\u00f3n de Justicia agradeci\u00f3 al procurador la presteza y rapidez con que acudi\u00f3 a la invitaci\u00f3n de los congresistas. En el encuentro conversaron tambi\u00e9n sobre varios proyectos de ley que reposan en al C\u00e1mara Baja.<\/span><\/p>\n<p><span class=\"text1noticias\"> <\/span><\/p>\n<p><span class=\"text1noticias\">En la reuni\u00f3n particip\u00f3 el director de la Escuela del Ministerio P\u00fablico, licenciado Ram\u00f3n N\u00fa\u00f1ez, y los diputados Carlos Gabriel Garc\u00eda, Sergio Mu\u00f1oz, Hugo N\u00fa\u00f1ez, Henry Mer\u00e1n, Orfelina Licelot Arias, Plutarco P\u00e9rez, Carlos Guzm\u00e1n, Francisco Bautista, V\u00edctor Su\u00e1rez, Mar\u00eda C\u00e1ndida S\u00e1nchez, Nelson Guill\u00e9n y Orlando Espinosa.<\/span><\/p>\n<\/p>\n<h6> 2010-11-25 20:18:05 <\/h6>\n<p><!--\n<link rel=\"stylesheet\" href=\"css\/bootstrap.min.css\">\n\n\n<ul class=\"pagination\">\n\t    \n\t\n\n<li >\n\t<a href='?page_no=30443'>Previous<\/a>\n\t<\/li>\n\n\n       \n    \n\n<li><a href='?page_no=1'>1<\/a><\/li>\n\n\n\n<li><a href='?page_no=2'>2<\/a><\/li>\n\n\n\n<li><a>...<\/a><\/li>\n\n\n\n<li><a href='?page_no=30442'>30442<\/a><\/li>\n\n\n\n<li><a href='?page_no=30443'>30443<\/a><\/li>\n\n\n\n<li class='active'><a>30444<\/a><\/li>\n\n\n\n<li><a href='?page_no=30445'>30445<\/a><\/li>\n\n\n\n<li><a href='?page_no=30446'>30446<\/a><\/li>\n\n\n\n<li><a>...<\/a><\/li>\n\n\n\n<li><a href='?page_no=31963'>31963<\/a><\/li>\n\n\n\n<li><a href='?page_no=31964'>31964<\/a><\/li>\n\n    \n\t\n\n<li >\n\t<a href='?page_no=30445'>Next<\/a>\n\t<\/li>\n\n\n    \n\n<li><a href='?page_no=31964'>Last &rsaquo;&rsaquo;<\/a><\/li>\n\n<\/ul>\n\n\n--><br \/>\n<\/body><\/p>\n","protected":false},"excerpt":{"rendered":"<p>Santo Domingo.- El procurador general de la Rep\u00fablica, doctor Radham\u00e9s Jim\u00e9nez Pe\u00f1a, se reuni\u00f3 con la Comisi\u00f3n de Justicia de la C\u00e1mara de Diputados, que preside Dem\u00f3stedes Mart\u00ednez, para tratar aspectos relacionados con la Ley Org\u00e1nica que crea el Consejo Superior del Ministerio P\u00fablico. La C\u00e1mara de Diputados aprob\u00f3 el Consejo Superior del Ministerio P\u00fablico, [&hellip;]<\/p>\n","protected":false},"author":3,"featured_media":0,"comment_status":"open","ping_status":"open","sticky":false,"template":"","format":"standard","meta":{"footnotes":""},"categories":[24],"tags":[],"class_list":["post-155276","post","type-post","status-publish","format-standard","hentry","category-justicia-y-derecho"],"_links":{"self":[{"href":"https:\/\/diariodominicano.com\/index.php?rest_route=\/wp\/v2\/posts\/155276","targetHints":{"allow":["GET"]}}],"collection":[{"href":"https:\/\/diariodominicano.com\/index.php?rest_route=\/wp\/v2\/posts"}],"about":[{"href":"https:\/\/diariodominicano.com\/index.php?rest_route=\/wp\/v2\/types\/post"}],"author":[{"embeddable":true,"href":"https:\/\/diariodominicano.com\/index.php?rest_route=\/wp\/v2\/users\/3"}],"replies":[{"embeddable":true,"href":"https:\/\/diariodominicano.com\/index.php?rest_route=%2Fwp%2Fv2%2Fcomments&post=155276"}],"version-history":[{"count":0,"href":"https:\/\/diariodominicano.com\/index.php?rest_route=\/wp\/v2\/posts\/155276\/revisions"}],"wp:attachment":[{"href":"https:\/\/diariodominicano.com\/index.php?rest_route=%2Fwp%2Fv2%2Fmedia&parent=155276"}],"wp:term":[{"taxonomy":"category","embeddable":true,"href":"https:\/\/diariodominicano.com\/index.php?rest_route=%2Fwp%2Fv2%2Fcategories&post=155276"},{"taxonomy":"post_tag","embeddable":true,"href":"https:\/\/diariodominicano.com\/index.php?rest_route=%2Fwp%2Fv2%2Ftags&post=155276"}],"curies":[{"name":"wp","href":"https:\/\/api.w.org\/{rel}","templated":true}]}}