{"id":155275,"date":"2010-11-25T21:37:17","date_gmt":"2010-11-25T21:37:17","guid":{"rendered":"http:\/\/diariodominicano.ddns.net\/?p=155275"},"modified":"2010-11-25T21:37:17","modified_gmt":"2010-11-25T21:37:17","slug":"euclides-sanchez-afirma-que-en-definitiva-quienes-van-a-votar-son-los-de-abajo","status":"publish","type":"post","link":"https:\/\/diariodominicano.com\/?p=155275","title":{"rendered":"Euclides S\u00e1nchez afirma que \u00aben definitiva quienes van a votar son los de abajo\u00bb"},"content":{"rendered":"<p><body><\/p>\n<\/p>\n<p><span class=\"text1noticias\">Santo Domingo.- Euclides S\u00e1nchez Tavares, Senador por la provincia La Vega, afirm\u00f3 al Observatorio Pol\u00edtico Dominicano que, no obstante ser los pobres,  quienes mayormente votan en el pa\u00eds, su condici\u00f3n no debe ser aprovechada por los pol\u00edticos para utilizarlos, sino que deben trabajar para que cambien su realidad. Sostuvo que el PLD, de manera especial, tiene esa deuda con Juan Bosch, la de lograr que los sectores m\u00e1s pobres vivan una vida mejor.<\/span><\/p>\n<\/p>\n<p><span class=\"text1noticias\">Las declaraciones del senador S\u00e1nchez se produjeron en una entrevista concedida al coordinador de la Unidad de Poder Legislativo del Observatorio Pol\u00edtico Dominicano (OPD), Jos\u00e9 Mart\u00ednez Brito. La entrevista forma parte de un ciclo de encuentros que realiza el OPD con los legisladores para dar a conocer su trayectoria, su pensamiento pol\u00edtico y sus planes.<\/span><\/p>\n<\/p>\n<p><span class=\"text1noticias\">Euclides S\u00e1nchez, adem\u00e1s de senador por La Vega, es Presidente del Partido de la Liberaci\u00f3n Dominicana en La Vega. En el Congreso, se desempe\u00f1a como Presidente de la Comisi\u00f3n de Obras P\u00fablicas del Senado y Vicepresidente de la Comisi\u00f3n de Energ\u00eda; adem\u00e1s, es miembro de la Comisi\u00f3n de Presupuesto y la Comisi\u00f3n de Medioambiente.<\/span><\/p>\n<\/p>\n<p><span class=\"text1noticias\">Refiri\u00e9ndose a la constituci\u00f3n actual del Congreso, el Senador de la Vega afirm\u00f3 que antes, en el pasado, cuando hab\u00eda una presencia importante de legisladores reformistas y perrede\u00edstas, ellos expresaban las situaciones negativas que ocurr\u00edan en el gobierno del PLD. Los legisladores pelede\u00edstas callaban en ocasiones y en otras defend\u00edan al gobierno. Ahora ?sostiene el Senador- corresponde a los legisladores del PLD decir las cosas malas y las buenas, por el equilibrio democr\u00e1tico, el equilibrio constitucional.<\/span><\/p>\n<\/p>\n<p><span class=\"text1noticias\">\u00abNo es verdad que porque tengamos la mayor\u00eda senatorial, levantaremos las manos con todo lo que pase por ah\u00ed; pienso que hay que respetar al pueblo y, sobre todo, a los electores\u00bb, expres\u00f3 Euclides S\u00e1nchez.<\/span><\/p>\n<\/p>\n<p><span class=\"text1noticias\">Por otra parte, el legislador se quej\u00f3 de que el Estado Dominicano \u00abes inoperante, infuncional\u00bb, ya que no cumple ni hace cumplir la ley. Sostuvo que los legisladores son los primeros que incumplen las leyes.<\/span><\/p>\n<\/p>\n<p><span class=\"text1noticias\">Durante la entrevista, que dura aproximadamente media hora, Euclides S\u00e1nchez habla ampliamente sobre c\u00f3mo se enrol\u00f3 en la actividad pol\u00edtica, sobre su vida familiar y profesional, sobre la reforma constitucional y sobre los proyectos que tiene en carpeta para someter al Congreso.<\/span><\/p>\n<\/p>\n<p><span class=\"text1noticias\">La entrevista in extenso fue publicada en la p\u00e1gina web del Observatorio Pol\u00edtico Dominicano, un programa de la Fundaci\u00f3n Global, Democracia y Desarrollo (FUNGLODE).<\/span><\/p>\n<\/p>\n<h6> 2010-11-25 21:37:17 <\/h6>\n<p><!--\n<link rel=\"stylesheet\" href=\"css\/bootstrap.min.css\">\n\n\n<ul class=\"pagination\">\n\t    \n\t\n\n<li >\n\t<a href='?page_no=30442'>Previous<\/a>\n\t<\/li>\n\n\n       \n    \n\n<li><a href='?page_no=1'>1<\/a><\/li>\n\n\n\n<li><a href='?page_no=2'>2<\/a><\/li>\n\n\n\n<li><a>...<\/a><\/li>\n\n\n\n<li><a href='?page_no=30441'>30441<\/a><\/li>\n\n\n\n<li><a href='?page_no=30442'>30442<\/a><\/li>\n\n\n\n<li class='active'><a>30443<\/a><\/li>\n\n\n\n<li><a href='?page_no=30444'>30444<\/a><\/li>\n\n\n\n<li><a href='?page_no=30445'>30445<\/a><\/li>\n\n\n\n<li><a>...<\/a><\/li>\n\n\n\n<li><a href='?page_no=31963'>31963<\/a><\/li>\n\n\n\n<li><a href='?page_no=31964'>31964<\/a><\/li>\n\n    \n\t\n\n<li >\n\t<a href='?page_no=30444'>Next<\/a>\n\t<\/li>\n\n\n    \n\n<li><a href='?page_no=31964'>Last &rsaquo;&rsaquo;<\/a><\/li>\n\n<\/ul>\n\n\n--><br \/>\n<\/body><\/p>\n","protected":false},"excerpt":{"rendered":"<p>Santo Domingo.- Euclides S\u00e1nchez Tavares, Senador por la provincia La Vega, afirm\u00f3 al Observatorio Pol\u00edtico Dominicano que, no obstante ser los pobres, quienes mayormente votan en el pa\u00eds, su condici\u00f3n no debe ser aprovechada por los pol\u00edticos para utilizarlos, sino que deben trabajar para que cambien su realidad. Sostuvo que el PLD, de manera especial, [&hellip;]<\/p>\n","protected":false},"author":3,"featured_media":0,"comment_status":"open","ping_status":"open","sticky":false,"template":"","format":"standard","meta":{"footnotes":""},"categories":[24],"tags":[],"class_list":["post-155275","post","type-post","status-publish","format-standard","hentry","category-justicia-y-derecho"],"_links":{"self":[{"href":"https:\/\/diariodominicano.com\/index.php?rest_route=\/wp\/v2\/posts\/155275","targetHints":{"allow":["GET"]}}],"collection":[{"href":"https:\/\/diariodominicano.com\/index.php?rest_route=\/wp\/v2\/posts"}],"about":[{"href":"https:\/\/diariodominicano.com\/index.php?rest_route=\/wp\/v2\/types\/post"}],"author":[{"embeddable":true,"href":"https:\/\/diariodominicano.com\/index.php?rest_route=\/wp\/v2\/users\/3"}],"replies":[{"embeddable":true,"href":"https:\/\/diariodominicano.com\/index.php?rest_route=%2Fwp%2Fv2%2Fcomments&post=155275"}],"version-history":[{"count":0,"href":"https:\/\/diariodominicano.com\/index.php?rest_route=\/wp\/v2\/posts\/155275\/revisions"}],"wp:attachment":[{"href":"https:\/\/diariodominicano.com\/index.php?rest_route=%2Fwp%2Fv2%2Fmedia&parent=155275"}],"wp:term":[{"taxonomy":"category","embeddable":true,"href":"https:\/\/diariodominicano.com\/index.php?rest_route=%2Fwp%2Fv2%2Fcategories&post=155275"},{"taxonomy":"post_tag","embeddable":true,"href":"https:\/\/diariodominicano.com\/index.php?rest_route=%2Fwp%2Fv2%2Ftags&post=155275"}],"curies":[{"name":"wp","href":"https:\/\/api.w.org\/{rel}","templated":true}]}}