{"id":155273,"date":"2010-11-25T21:51:53","date_gmt":"2010-11-25T21:51:53","guid":{"rendered":"http:\/\/diariodominicano.ddns.net\/?p=155273"},"modified":"2010-11-25T21:51:53","modified_gmt":"2010-11-25T21:51:53","slug":"los-muertos-llegan-a-1523-por-el-colera-haitiano","status":"publish","type":"post","link":"https:\/\/diariodominicano.com\/?p=155273","title":{"rendered":"Los muertos llegan a 1,523 por el c\u00f3lera haitiano"},"content":{"rendered":"<p><body><\/p>\n<p><span class=\"text1noticias\">Puerto Pr\u00edncipe .- Unas 1.523 personas han muerto en Hait\u00ed a causa de la epidemia de c\u00f3lera que sufre el pa\u00eds desde octubre pasado, informaron hoy las autoridades sanitarias, que cifraron en 66.593 los atendidos en centros m\u00e9dicos por el brote.<\/span><\/p>\n<\/p>\n<p><span class=\"text1noticias\">De acuerdo con un bolet\u00edn del Ministerio de Salud P\u00fablica y Poblaci\u00f3n (MSPP), fechado el 22 de noviembre, 27.933 personas han sido hospitalizadas por el brote, de las cuales 26.890 se recuperaron y recibieron el alta.<\/span><\/p>\n<\/p>\n<p><span class=\"text1noticias\">El norte\u00f1o Artibonite, con 723 muertos, es el que m\u00e1s ha sufrido desde el inicio de la epidemia, seguido por el Norte, con 235; el Oeste, con 257 (140 de ellos en la capital); el Centro, con 147; el Noroeste, con 128 y el Nordeste con 18.<\/span><\/p>\n<\/p>\n<p><span class=\"text1noticias\">Once personas han fallecido en el departamento Sur, dos en el Sureste e igual cantidad en Grand Anse (sur).<\/span><\/p>\n<\/p>\n<p><span class=\"text1noticias\">En Nippes, tambi\u00e9n en el sur del pa\u00eds, no se han registrado v\u00edctimas hasta el momento.<\/span><\/p>\n<\/p>\n<p><span class=\"text1noticias\">La subsecretaria general de la ONU para Asuntos Humanitarios, Valerie Amos, quien visit\u00f3 esta semana Hait\u00ed, llam\u00f3 ayer a intensificar las acciones en contra del c\u00f3lera y asegur\u00f3 que la mortal enfermedad no ha tocado techo.<\/span><\/p>\n<\/p>\n<p><span class=\"text1noticias\">Valerie Amos record\u00f3 los c\u00e1lculos de la Organizaci\u00f3n Panamericana de la Salud (OPS) que prev\u00e9 que unos 400.000 casos de c\u00f3lera se registren en Hait\u00ed en los pr\u00f3ximos doce meses dada \u00abla naturaleza<\/span><\/p>\n<p><span class=\"text1noticias\">explosiva de la epidemia\u00bb.<\/span><\/p>\n<\/p>\n<p><span class=\"text1noticias\">Dichas estimaciones, subray\u00f3, deben llamar la atenci\u00f3n, por lo que recomend\u00f3 una mayor prevenci\u00f3n del c\u00f3lera a nivel nacional, as\u00ed como la construcci\u00f3n de m\u00e1s centros de tratamiento de la enfermedad y aumentar el n\u00famero de trabajadores de la salud sobre el terreno para apoyar la labor que se re realiza.<\/span><\/p>\n<\/p>\n<h6> 2010-11-25 21:51:53 <\/h6>\n<p><!--\n<link rel=\"stylesheet\" href=\"css\/bootstrap.min.css\">\n\n\n<ul class=\"pagination\">\n\t    \n\t\n\n<li >\n\t<a href='?page_no=30440'>Previous<\/a>\n\t<\/li>\n\n\n       \n    \n\n<li><a href='?page_no=1'>1<\/a><\/li>\n\n\n\n<li><a href='?page_no=2'>2<\/a><\/li>\n\n\n\n<li><a>...<\/a><\/li>\n\n\n\n<li><a href='?page_no=30439'>30439<\/a><\/li>\n\n\n\n<li><a href='?page_no=30440'>30440<\/a><\/li>\n\n\n\n<li class='active'><a>30441<\/a><\/li>\n\n\n\n<li><a href='?page_no=30442'>30442<\/a><\/li>\n\n\n\n<li><a href='?page_no=30443'>30443<\/a><\/li>\n\n\n\n<li><a>...<\/a><\/li>\n\n\n\n<li><a href='?page_no=31963'>31963<\/a><\/li>\n\n\n\n<li><a href='?page_no=31964'>31964<\/a><\/li>\n\n    \n\t\n\n<li >\n\t<a href='?page_no=30442'>Next<\/a>\n\t<\/li>\n\n\n    \n\n<li><a href='?page_no=31964'>Last &rsaquo;&rsaquo;<\/a><\/li>\n\n<\/ul>\n\n\n--><br \/>\n<\/body><\/p>\n","protected":false},"excerpt":{"rendered":"<p>Puerto Pr\u00edncipe .- Unas 1.523 personas han muerto en Hait\u00ed a causa de la epidemia de c\u00f3lera que sufre el pa\u00eds desde octubre pasado, informaron hoy las autoridades sanitarias, que cifraron en 66.593 los atendidos en centros m\u00e9dicos por el brote. De acuerdo con un bolet\u00edn del Ministerio de Salud P\u00fablica y Poblaci\u00f3n (MSPP), fechado [&hellip;]<\/p>\n","protected":false},"author":3,"featured_media":0,"comment_status":"open","ping_status":"open","sticky":false,"template":"","format":"standard","meta":{"footnotes":""},"categories":[24],"tags":[],"class_list":["post-155273","post","type-post","status-publish","format-standard","hentry","category-justicia-y-derecho"],"_links":{"self":[{"href":"https:\/\/diariodominicano.com\/index.php?rest_route=\/wp\/v2\/posts\/155273","targetHints":{"allow":["GET"]}}],"collection":[{"href":"https:\/\/diariodominicano.com\/index.php?rest_route=\/wp\/v2\/posts"}],"about":[{"href":"https:\/\/diariodominicano.com\/index.php?rest_route=\/wp\/v2\/types\/post"}],"author":[{"embeddable":true,"href":"https:\/\/diariodominicano.com\/index.php?rest_route=\/wp\/v2\/users\/3"}],"replies":[{"embeddable":true,"href":"https:\/\/diariodominicano.com\/index.php?rest_route=%2Fwp%2Fv2%2Fcomments&post=155273"}],"version-history":[{"count":0,"href":"https:\/\/diariodominicano.com\/index.php?rest_route=\/wp\/v2\/posts\/155273\/revisions"}],"wp:attachment":[{"href":"https:\/\/diariodominicano.com\/index.php?rest_route=%2Fwp%2Fv2%2Fmedia&parent=155273"}],"wp:term":[{"taxonomy":"category","embeddable":true,"href":"https:\/\/diariodominicano.com\/index.php?rest_route=%2Fwp%2Fv2%2Fcategories&post=155273"},{"taxonomy":"post_tag","embeddable":true,"href":"https:\/\/diariodominicano.com\/index.php?rest_route=%2Fwp%2Fv2%2Ftags&post=155273"}],"curies":[{"name":"wp","href":"https:\/\/api.w.org\/{rel}","templated":true}]}}