{"id":155271,"date":"2010-11-25T22:05:21","date_gmt":"2010-11-25T22:05:21","guid":{"rendered":"http:\/\/diariodominicano.ddns.net\/?p=155271"},"modified":"2010-11-25T22:05:21","modified_gmt":"2010-11-25T22:05:21","slug":"dominicanos-celebran-50-aniversario-asesinato-hermanas-mirabal","status":"publish","type":"post","link":"https:\/\/diariodominicano.com\/?p=155271","title":{"rendered":"&#13;&#13;Dominicanos celebran 50 aniversario asesinato hermanas Mirabal"},"content":{"rendered":"<p><body><\/p>\n<\/p>\n<\/p>\n<p><span class=\"text1noticias\">SANTO DOMINGO.- Rep\u00fablica Dominicana conmemor\u00f3 hoy con distintos actos el 50 aniversario de la muerte de Patria, Minerva y Mar\u00eda Teresa Mirabal, asesinada el 25 de noviembre de 1960 por su oposici\u00f3n al dictador Rafael Trujillo. <\/span><\/p>\n<\/p>\n<p><span class=\"text1noticias\">La actividad principal se realiz\u00f3 en Salcedo, declarado en 2007 Provincia Hermanas Mirabal, donde se congregaron familiares, funcionarios y allegados de las tres hermanas asesinadas junto a su conductor, Rufino de la Cruz, cuando regresaban de Puerto Plata, donde visitaron a sus esposos presos por antitrujillistas. <\/span><\/p>\n<\/p>\n<p><span class=\"text1noticias\">\u00abPatria, Minerva y Mar\u00eda Teresa no han muerto, siguen vivas en su jard\u00edn para recordarles al mundo la lucha de la violencia en contra de la mujer\u00bb, seg\u00fan un comunicado de prensa del vicepresidente del pa\u00eds, Rafael Alburquerque, quien encabez\u00f3 el acto. <\/span><\/p>\n<\/p>\n<p><span class=\"text1noticias\">El 25 de noviembre es desde hace a\u00f1os el D\u00eda Internacional para la Eliminaci\u00f3n de la Violencia hacia la mujer, por decisi\u00f3n de la ONU que quiso homenajear as\u00ed a las hermanas Mirabal, tambi\u00e9n conocidas como \u00abLas mariposas\u00bb, cuya historia ha inspirado novelas, poemas y hasta pel\u00edculas. <\/span><\/p>\n<\/p>\n<p><span class=\"text1noticias\">En el mismo acto en Salcedo, la ministra dominicana de la Mujer, Alejandrina Germ\u00e1n, destac\u00f3 \u00abel valor y arrojo de las Mirabal, as\u00ed como su entereza y firmeza en la defensa de los valores patrios y al dignidad de la mujer\u00bb. <\/span><\/p>\n<\/p>\n<p><span class=\"text1noticias\">Mientras que la diputada Minou Tav\u00e1rez Mirabal, hija de Minerva y de Manuel Tav\u00e1rez Justo, declarado \u00abh\u00e9roe nacional\u00bb, destac\u00f3 la valent\u00eda de su t\u00eda, B\u00e9lgica Adela Mirabal, \u00abDed\u00e9\u00bb, quien personalmente se present\u00f3 a la comisaria de su ciudad la noche del 25 de noviembre de 1960 para protestar \u00absin temor a nada\u00bb por el asesinato de sus hermanas. <\/span><\/p>\n<\/p>\n<p><span class=\"text1noticias\">En una entrevista en su casa de la localidad de Ojo de Agua, en Salcedo, con motivo de los 50 a\u00f1os del cu\u00e1druple asesinato, \u00abDed\u00e9\u00bb record\u00f3 esta semana que la noche del 25 de noviembre de 1960 estaba desesperada por la demora de sus hermanas, que ten\u00edan previsto llegar hacia las ocho a su casa. <\/span><\/p>\n<\/p>\n<p><span class=\"text1noticias\">En medio de la incertidumbre \u00abmandaron a un alcalde ped\u00e1neo a informarnos que pasemos por la comisar\u00eda que las muchachas hab\u00edan sufrido un accidente, record\u00f3 Mirabal, quien present\u00eda de que algo grave hab\u00eda sucedido a sus hermanas. <\/span><\/p>\n<\/p>\n<p><span class=\"text1noticias\">Una vez en la sede de la comisar\u00eda confirm\u00f3 la tragedia y se puso \u00abcomo loca, como si no estuviera en este mundo\u00bb mientras sacud\u00eda a los polic\u00edas y les dec\u00eda: \u00abconv\u00e9nzanse de que fue un asesinato.<\/span><\/p>\n<\/p>\n<p><span class=\"text1noticias\">Porque sab\u00eda que iban a decir que fue un accidente\u00bb. Las Mirabal y su conductor fueron asesinados a golpes y sus cad\u00e1veres colocados dentro del veh\u00edculo, que fue lanzado por un barranco para hacer creer que se trataba de un accidente. <\/span><\/p>\n<\/p>\n<p><span class=\"text1noticias\">Paralelo a las actividades por el aniversario de la muerte de las Mirabal, grupos de dominicanas se manifestaron en varios puntos del pa\u00eds en contra de la violencia de g\u00e9nero que le ha costado la vida a 165 mujeres en la Rep\u00fablica Dominicana este a\u00f1o. <\/span><\/p>\n<\/p>\n<p><span class=\"text1noticias\">La representante residente de la ONU en el pa\u00eds, Valerie Julliand, quien se uni\u00f3 hoy en Salcedo al acto por las Mirabal, dijo que una de cada tres dominicanas son maltratadas y que la violencia dom\u00e9stica es la principal causa de muerte de mujeres de edades entre 14 y 45 a\u00f1os en el pa\u00eds caribe\u00f1o.<\/span><\/p>\n<\/p>\n<h6> 2010-11-25 22:05:21 <\/h6>\n<p><!--\n<link rel=\"stylesheet\" href=\"css\/bootstrap.min.css\">\n\n\n<ul class=\"pagination\">\n\t    \n\t\n\n<li >\n\t<a href='?page_no=30438'>Previous<\/a>\n\t<\/li>\n\n\n       \n    \n\n<li><a href='?page_no=1'>1<\/a><\/li>\n\n\n\n<li><a href='?page_no=2'>2<\/a><\/li>\n\n\n\n<li><a>...<\/a><\/li>\n\n\n\n<li><a href='?page_no=30437'>30437<\/a><\/li>\n\n\n\n<li><a href='?page_no=30438'>30438<\/a><\/li>\n\n\n\n<li class='active'><a>30439<\/a><\/li>\n\n\n\n<li><a href='?page_no=30440'>30440<\/a><\/li>\n\n\n\n<li><a href='?page_no=30441'>30441<\/a><\/li>\n\n\n\n<li><a>...<\/a><\/li>\n\n\n\n<li><a href='?page_no=31963'>31963<\/a><\/li>\n\n\n\n<li><a href='?page_no=31964'>31964<\/a><\/li>\n\n    \n\t\n\n<li >\n\t<a href='?page_no=30440'>Next<\/a>\n\t<\/li>\n\n\n    \n\n<li><a href='?page_no=31964'>Last &rsaquo;&rsaquo;<\/a><\/li>\n\n<\/ul>\n\n\n--><br \/>\n<\/body><\/p>\n","protected":false},"excerpt":{"rendered":"<p>SANTO DOMINGO.- Rep\u00fablica Dominicana conmemor\u00f3 hoy con distintos actos el 50 aniversario de la muerte de Patria, Minerva y Mar\u00eda Teresa Mirabal, asesinada el 25 de noviembre de 1960 por su oposici\u00f3n al dictador Rafael Trujillo. La actividad principal se realiz\u00f3 en Salcedo, declarado en 2007 Provincia Hermanas Mirabal, donde se congregaron familiares, funcionarios y [&hellip;]<\/p>\n","protected":false},"author":3,"featured_media":0,"comment_status":"open","ping_status":"open","sticky":false,"template":"","format":"standard","meta":{"footnotes":""},"categories":[24],"tags":[],"class_list":["post-155271","post","type-post","status-publish","format-standard","hentry","category-justicia-y-derecho"],"_links":{"self":[{"href":"https:\/\/diariodominicano.com\/index.php?rest_route=\/wp\/v2\/posts\/155271","targetHints":{"allow":["GET"]}}],"collection":[{"href":"https:\/\/diariodominicano.com\/index.php?rest_route=\/wp\/v2\/posts"}],"about":[{"href":"https:\/\/diariodominicano.com\/index.php?rest_route=\/wp\/v2\/types\/post"}],"author":[{"embeddable":true,"href":"https:\/\/diariodominicano.com\/index.php?rest_route=\/wp\/v2\/users\/3"}],"replies":[{"embeddable":true,"href":"https:\/\/diariodominicano.com\/index.php?rest_route=%2Fwp%2Fv2%2Fcomments&post=155271"}],"version-history":[{"count":0,"href":"https:\/\/diariodominicano.com\/index.php?rest_route=\/wp\/v2\/posts\/155271\/revisions"}],"wp:attachment":[{"href":"https:\/\/diariodominicano.com\/index.php?rest_route=%2Fwp%2Fv2%2Fmedia&parent=155271"}],"wp:term":[{"taxonomy":"category","embeddable":true,"href":"https:\/\/diariodominicano.com\/index.php?rest_route=%2Fwp%2Fv2%2Fcategories&post=155271"},{"taxonomy":"post_tag","embeddable":true,"href":"https:\/\/diariodominicano.com\/index.php?rest_route=%2Fwp%2Fv2%2Ftags&post=155271"}],"curies":[{"name":"wp","href":"https:\/\/api.w.org\/{rel}","templated":true}]}}