{"id":155270,"date":"2010-11-25T22:07:09","date_gmt":"2010-11-25T22:07:09","guid":{"rendered":"http:\/\/diariodominicano.ddns.net\/?p=155270"},"modified":"2010-11-25T22:07:09","modified_gmt":"2010-11-25T22:07:09","slug":"reapresan-recluso-condenado-a-30-anos-se-fugo-en-centro-de-los-heroes","status":"publish","type":"post","link":"https:\/\/diariodominicano.com\/?p=155270","title":{"rendered":"&#13;Reapresan recluso condenado a 30 a\u00f1os, se fug\u00f2 en Centro de los H\u00e8roes"},"content":{"rendered":"<p><body><\/p>\n<\/p>\n<\/p>\n<p><span class=\"text1noticias\">SANTO DOMINGO.-La Direcci\u00f3n General de Prisiones inform\u00f3 el reapresamiento de un recluso condenado a la m\u00e1xima pena, 30 a\u00f1os, que se encontraba pr\u00f3fugo desde el pasado jueves cuando burl\u00f3 la custodia policial en el Palacio de Justicia del Centro de de los H\u00e9roes, en el Distrito Nacional,  de donde fue requerido.<\/span><\/p>\n<\/p>\n<p><span class=\"text1noticias\">El reapresamiento de Di\u00f3genes Antonio Tapia (a) el Picu, se llev\u00f3 a cabo en el municipio de Esperanza, provincia Valverde, mediante operativo realizado por la Polic\u00eda Nacional. <\/span><\/p>\n<\/p>\n<p><span class=\"text1noticias\">Tapia, al momento de la fuga,  guardaba prisi\u00f3n en el centro de privaci\u00f3n de libertad (CPL) de Ban\u00ed, cumpliendo condena de treinta a\u00f1os de reclusi\u00f3n por homicidio y se le instrumenta nuevo expediente por evasi\u00f3n.<\/span><\/p>\n<\/p>\n<p><span class=\"text1noticias\">Una comisi\u00f3n mixta de la Polic\u00eda Nacional y la Direcci\u00f3n General de Prisiones investigan las circunstancias en que ocurri\u00f3 la fuga, y disponer los correctivos de lugar. <\/span><\/p>\n<\/p>\n<p><span class=\"text1noticias\">El Director de Prisiones, Manuel de Jes\u00fas P\u00e9rez S\u00e1nchez, asegur\u00f3 que los otros reos que escaparon recientemente est\u00e1n siendo perseguidos y pronto ser\u00e1n reapresados, mientras que se dispusieron sanciones administrativas para los responsables de la fuga.<\/span><\/p>\n<\/p>\n<h6> 2010-11-25 22:07:09 <\/h6>\n<p><!--\n<link rel=\"stylesheet\" href=\"css\/bootstrap.min.css\">\n\n\n<ul class=\"pagination\">\n\t    \n\t\n\n<li >\n\t<a href='?page_no=30437'>Previous<\/a>\n\t<\/li>\n\n\n       \n    \n\n<li><a href='?page_no=1'>1<\/a><\/li>\n\n\n\n<li><a href='?page_no=2'>2<\/a><\/li>\n\n\n\n<li><a>...<\/a><\/li>\n\n\n\n<li><a href='?page_no=30436'>30436<\/a><\/li>\n\n\n\n<li><a href='?page_no=30437'>30437<\/a><\/li>\n\n\n\n<li class='active'><a>30438<\/a><\/li>\n\n\n\n<li><a href='?page_no=30439'>30439<\/a><\/li>\n\n\n\n<li><a href='?page_no=30440'>30440<\/a><\/li>\n\n\n\n<li><a>...<\/a><\/li>\n\n\n\n<li><a href='?page_no=31963'>31963<\/a><\/li>\n\n\n\n<li><a href='?page_no=31964'>31964<\/a><\/li>\n\n    \n\t\n\n<li >\n\t<a href='?page_no=30439'>Next<\/a>\n\t<\/li>\n\n\n    \n\n<li><a href='?page_no=31964'>Last &rsaquo;&rsaquo;<\/a><\/li>\n\n<\/ul>\n\n\n--><br \/>\n<\/body><\/p>\n","protected":false},"excerpt":{"rendered":"<p>SANTO DOMINGO.-La Direcci\u00f3n General de Prisiones inform\u00f3 el reapresamiento de un recluso condenado a la m\u00e1xima pena, 30 a\u00f1os, que se encontraba pr\u00f3fugo desde el pasado jueves cuando burl\u00f3 la custodia policial en el Palacio de Justicia del Centro de de los H\u00e9roes, en el Distrito Nacional, de donde fue requerido. El reapresamiento de Di\u00f3genes [&hellip;]<\/p>\n","protected":false},"author":3,"featured_media":0,"comment_status":"open","ping_status":"open","sticky":false,"template":"","format":"standard","meta":{"footnotes":""},"categories":[24],"tags":[],"class_list":["post-155270","post","type-post","status-publish","format-standard","hentry","category-justicia-y-derecho"],"_links":{"self":[{"href":"https:\/\/diariodominicano.com\/index.php?rest_route=\/wp\/v2\/posts\/155270","targetHints":{"allow":["GET"]}}],"collection":[{"href":"https:\/\/diariodominicano.com\/index.php?rest_route=\/wp\/v2\/posts"}],"about":[{"href":"https:\/\/diariodominicano.com\/index.php?rest_route=\/wp\/v2\/types\/post"}],"author":[{"embeddable":true,"href":"https:\/\/diariodominicano.com\/index.php?rest_route=\/wp\/v2\/users\/3"}],"replies":[{"embeddable":true,"href":"https:\/\/diariodominicano.com\/index.php?rest_route=%2Fwp%2Fv2%2Fcomments&post=155270"}],"version-history":[{"count":0,"href":"https:\/\/diariodominicano.com\/index.php?rest_route=\/wp\/v2\/posts\/155270\/revisions"}],"wp:attachment":[{"href":"https:\/\/diariodominicano.com\/index.php?rest_route=%2Fwp%2Fv2%2Fmedia&parent=155270"}],"wp:term":[{"taxonomy":"category","embeddable":true,"href":"https:\/\/diariodominicano.com\/index.php?rest_route=%2Fwp%2Fv2%2Fcategories&post=155270"},{"taxonomy":"post_tag","embeddable":true,"href":"https:\/\/diariodominicano.com\/index.php?rest_route=%2Fwp%2Fv2%2Ftags&post=155270"}],"curies":[{"name":"wp","href":"https:\/\/api.w.org\/{rel}","templated":true}]}}