{"id":155267,"date":"2010-11-25T22:30:38","date_gmt":"2010-11-25T22:30:38","guid":{"rendered":"http:\/\/diariodominicano.ddns.net\/?p=155267"},"modified":"2010-11-25T22:30:38","modified_gmt":"2010-11-25T22:30:38","slug":"ministro-de-turismo-denuncia-campana-internacional-contra-rd","status":"publish","type":"post","link":"https:\/\/diariodominicano.com\/?p=155267","title":{"rendered":"Ministro de Turismo denuncia campa\u00f1a internacional contra RD"},"content":{"rendered":"<p><body><\/p>\n<p><img decoding=\"async\" src=\"http:\/\/localhost:8080\/justiciayderecho\/img3\/FCOJAVIER.JPG\" \/>  <\/p>\n<\/p>\n<\/p>\n<p><span class=\"text1noticias\">Jarabacoa.-El ministro de Turismo, Francisco Javier Garc\u00eda, denunci\u00f3 que hay una campa\u00f1a internacional aprovechando la enfermedad de c\u00f3lera para desviar flujo de turistas que vienen a la Rep\u00fablica Dominicana a otras naciones. <\/span><\/p>\n<\/p>\n<p><span class=\"text1noticias\">Rechaz\u00f3 que esa campa\u00f1a provenga de gobiernos de otros pa\u00edses, sino m\u00e1s bien de empresarios interesados en sacarle provecho a la situaci\u00f3n. <\/span><\/p>\n<\/p>\n<p><span class=\"text1noticias\">Asimismo, Javier Garc\u00eda garantiz\u00f3 que los turistas que vienen al pa\u00eds no ser\u00e1n afectados por el c\u00f3lera ni por ninguna otra enfermedad, ya que la naci\u00f3n cuenta con sistema sanitario confiable. <\/span><\/p>\n<\/p>\n<p><span class=\"text1noticias\">\u00abHasta ahora no estamos teniendo ning\u00fan tipo de inconveniente, porque est\u00e1 claro que Rep\u00fablica Dominicana tiene una estructura sanitaria que le permite hacerle frente al c\u00f3lera y a otras enfermedades\u00bb, sostuvo Javier Garc\u00eda al ser entrevistado en el acto de inauguraci\u00f3n de la primer aetapa del Country Club de Jarabacoa, en un acto encabezado por el presidente Leonel Fern\u00e1ndez.<\/span><\/p>\n<h6> 2010-11-25 22:30:38 <\/h6>\n<p><!--\n<link rel=\"stylesheet\" href=\"css\/bootstrap.min.css\">\n\n\n<ul class=\"pagination\">\n\t    \n\t\n\n<li >\n\t<a href='?page_no=30434'>Previous<\/a>\n\t<\/li>\n\n\n       \n    \n\n<li><a href='?page_no=1'>1<\/a><\/li>\n\n\n\n<li><a href='?page_no=2'>2<\/a><\/li>\n\n\n\n<li><a>...<\/a><\/li>\n\n\n\n<li><a href='?page_no=30433'>30433<\/a><\/li>\n\n\n\n<li><a href='?page_no=30434'>30434<\/a><\/li>\n\n\n\n<li class='active'><a>30435<\/a><\/li>\n\n\n\n<li><a href='?page_no=30436'>30436<\/a><\/li>\n\n\n\n<li><a href='?page_no=30437'>30437<\/a><\/li>\n\n\n\n<li><a>...<\/a><\/li>\n\n\n\n<li><a href='?page_no=31963'>31963<\/a><\/li>\n\n\n\n<li><a href='?page_no=31964'>31964<\/a><\/li>\n\n    \n\t\n\n<li >\n\t<a href='?page_no=30436'>Next<\/a>\n\t<\/li>\n\n\n    \n\n<li><a href='?page_no=31964'>Last &rsaquo;&rsaquo;<\/a><\/li>\n\n<\/ul>\n\n\n--><br \/>\n<\/body><\/p>\n","protected":false},"excerpt":{"rendered":"<p>Jarabacoa.-El ministro de Turismo, Francisco Javier Garc\u00eda, denunci\u00f3 que hay una campa\u00f1a internacional aprovechando la enfermedad de c\u00f3lera para desviar flujo de turistas que vienen a la Rep\u00fablica Dominicana a otras naciones. Rechaz\u00f3 que esa campa\u00f1a provenga de gobiernos de otros pa\u00edses, sino m\u00e1s bien de empresarios interesados en sacarle provecho a la situaci\u00f3n. Asimismo, [&hellip;]<\/p>\n","protected":false},"author":3,"featured_media":0,"comment_status":"open","ping_status":"open","sticky":false,"template":"","format":"standard","meta":{"footnotes":""},"categories":[24],"tags":[],"class_list":["post-155267","post","type-post","status-publish","format-standard","hentry","category-justicia-y-derecho"],"_links":{"self":[{"href":"https:\/\/diariodominicano.com\/index.php?rest_route=\/wp\/v2\/posts\/155267","targetHints":{"allow":["GET"]}}],"collection":[{"href":"https:\/\/diariodominicano.com\/index.php?rest_route=\/wp\/v2\/posts"}],"about":[{"href":"https:\/\/diariodominicano.com\/index.php?rest_route=\/wp\/v2\/types\/post"}],"author":[{"embeddable":true,"href":"https:\/\/diariodominicano.com\/index.php?rest_route=\/wp\/v2\/users\/3"}],"replies":[{"embeddable":true,"href":"https:\/\/diariodominicano.com\/index.php?rest_route=%2Fwp%2Fv2%2Fcomments&post=155267"}],"version-history":[{"count":0,"href":"https:\/\/diariodominicano.com\/index.php?rest_route=\/wp\/v2\/posts\/155267\/revisions"}],"wp:attachment":[{"href":"https:\/\/diariodominicano.com\/index.php?rest_route=%2Fwp%2Fv2%2Fmedia&parent=155267"}],"wp:term":[{"taxonomy":"category","embeddable":true,"href":"https:\/\/diariodominicano.com\/index.php?rest_route=%2Fwp%2Fv2%2Fcategories&post=155267"},{"taxonomy":"post_tag","embeddable":true,"href":"https:\/\/diariodominicano.com\/index.php?rest_route=%2Fwp%2Fv2%2Ftags&post=155267"}],"curies":[{"name":"wp","href":"https:\/\/api.w.org\/{rel}","templated":true}]}}