{"id":155266,"date":"2010-11-25T22:36:10","date_gmt":"2010-11-25T22:36:10","guid":{"rendered":"http:\/\/diariodominicano.ddns.net\/?p=155266"},"modified":"2010-11-25T22:36:10","modified_gmt":"2010-11-25T22:36:10","slug":"continuara-cerrado-mercado-de-las-pulgas","status":"publish","type":"post","link":"https:\/\/diariodominicano.com\/?p=155266","title":{"rendered":"Continuar\u00e0 cerrado mercado de las pulgas"},"content":{"rendered":"<p><body><\/p>\n<p><span class=\"text1noticias\">Santo Domingo.-El alcalde del ayuntamiento del municipio Santo Domingo Oeste, Francisco Pe\u00f1a hijo, advirti\u00f3 este jueves que se mantiene la medida que proh\u00edbe la apertura de \u00abel mercado de las pulgas\u00bb para evitar la propagaci\u00f3n del c\u00f3lera en el territorio nacional. <\/span><\/p>\n<\/p>\n<p><span class=\"text1noticias\">El edil explic\u00f3 que ese ayuntamiento junto al Ministerio de Salud P\u00fablica adopt\u00f3 la medida de impedir ese comercio ambulante para evitar nuevos casos de la epidemia en el pa\u00eds, que ya ha afectado a cuatro personas.<\/span><\/p>\n<\/p>\n<p><span class=\"text1noticias\">Sostuvo que en lugar donde opera ese tipo de negocio, que es debajo del elevado de la avenida Gregorio Luper\u00f3n con Independencia, no dispone de las medidas de higiene b\u00e1sica para prevenir el c\u00f3lera.<\/span><\/p>\n<\/p>\n<p><span class=\"text1noticias\">\u00abNo hay condiciones de servicios, no hay ba\u00f1os, no hay lavamos\u00bb, dijo Pe\u00f1a, al ser entrevistado en un programa local.<\/span><\/p>\n<\/p>\n<p><span class=\"text1noticias\">Indic\u00f3 que no tiene la desesperaci\u00f3n de esas personas por reabrir ese tipo de comercio, porque dijo que ellos previamente hab\u00edan acordado que el mes de enero ellos iba a ser reubicados en otro lugar.<\/span><\/p>\n<\/p>\n<p><span class=\"text1noticias\">\u00abNosotros le dijimos a ellos que lo \u00edbamos a reubicar y ellos me pidieron un tiempo, que se esperaba que pasara el mes de diciembre y que en enero lo \u00edbamos a reubicar en un terreno que posee el ayuntamiento, que era donde se iba hacer el cementerio municipal. No entiendo la preocupaci\u00f3n\u00bb, explic\u00f3.<\/span><\/p>\n<\/p>\n<p><span class=\"text1noticias\">Los vendedores han amenazado con reabrir el comercio este domingo.<\/span><\/p>\n<\/p>\n<p><span class=\"text1noticias\">Las declaraciones del edil se producen luego de que personas que venden en el ?mercado de la pulga? amenazaran con abrirlo el pr\u00f3ximo domingo, a pesar de la disposici\u00f3n de las autoridades.<\/span><\/p>\n<\/p>\n<p><span class=\"text1noticias\">De acuerdo con informes, los venderos han reportado p\u00e9rdida de 25 millones de pesos.<\/span><\/p>\n<\/p>\n<h6> 2010-11-25 22:36:10 <\/h6>\n<p><!--\n<link rel=\"stylesheet\" href=\"css\/bootstrap.min.css\">\n\n\n<ul class=\"pagination\">\n\t    \n\t\n\n<li >\n\t<a href='?page_no=30433'>Previous<\/a>\n\t<\/li>\n\n\n       \n    \n\n<li><a href='?page_no=1'>1<\/a><\/li>\n\n\n\n<li><a href='?page_no=2'>2<\/a><\/li>\n\n\n\n<li><a>...<\/a><\/li>\n\n\n\n<li><a href='?page_no=30432'>30432<\/a><\/li>\n\n\n\n<li><a href='?page_no=30433'>30433<\/a><\/li>\n\n\n\n<li class='active'><a>30434<\/a><\/li>\n\n\n\n<li><a href='?page_no=30435'>30435<\/a><\/li>\n\n\n\n<li><a href='?page_no=30436'>30436<\/a><\/li>\n\n\n\n<li><a>...<\/a><\/li>\n\n\n\n<li><a href='?page_no=31963'>31963<\/a><\/li>\n\n\n\n<li><a href='?page_no=31964'>31964<\/a><\/li>\n\n    \n\t\n\n<li >\n\t<a href='?page_no=30435'>Next<\/a>\n\t<\/li>\n\n\n    \n\n<li><a href='?page_no=31964'>Last &rsaquo;&rsaquo;<\/a><\/li>\n\n<\/ul>\n\n\n--><br \/>\n<\/body><\/p>\n","protected":false},"excerpt":{"rendered":"<p>Santo Domingo.-El alcalde del ayuntamiento del municipio Santo Domingo Oeste, Francisco Pe\u00f1a hijo, advirti\u00f3 este jueves que se mantiene la medida que proh\u00edbe la apertura de \u00abel mercado de las pulgas\u00bb para evitar la propagaci\u00f3n del c\u00f3lera en el territorio nacional. El edil explic\u00f3 que ese ayuntamiento junto al Ministerio de Salud P\u00fablica adopt\u00f3 la [&hellip;]<\/p>\n","protected":false},"author":3,"featured_media":0,"comment_status":"open","ping_status":"open","sticky":false,"template":"","format":"standard","meta":{"footnotes":""},"categories":[24],"tags":[],"class_list":["post-155266","post","type-post","status-publish","format-standard","hentry","category-justicia-y-derecho"],"_links":{"self":[{"href":"https:\/\/diariodominicano.com\/index.php?rest_route=\/wp\/v2\/posts\/155266","targetHints":{"allow":["GET"]}}],"collection":[{"href":"https:\/\/diariodominicano.com\/index.php?rest_route=\/wp\/v2\/posts"}],"about":[{"href":"https:\/\/diariodominicano.com\/index.php?rest_route=\/wp\/v2\/types\/post"}],"author":[{"embeddable":true,"href":"https:\/\/diariodominicano.com\/index.php?rest_route=\/wp\/v2\/users\/3"}],"replies":[{"embeddable":true,"href":"https:\/\/diariodominicano.com\/index.php?rest_route=%2Fwp%2Fv2%2Fcomments&post=155266"}],"version-history":[{"count":0,"href":"https:\/\/diariodominicano.com\/index.php?rest_route=\/wp\/v2\/posts\/155266\/revisions"}],"wp:attachment":[{"href":"https:\/\/diariodominicano.com\/index.php?rest_route=%2Fwp%2Fv2%2Fmedia&parent=155266"}],"wp:term":[{"taxonomy":"category","embeddable":true,"href":"https:\/\/diariodominicano.com\/index.php?rest_route=%2Fwp%2Fv2%2Fcategories&post=155266"},{"taxonomy":"post_tag","embeddable":true,"href":"https:\/\/diariodominicano.com\/index.php?rest_route=%2Fwp%2Fv2%2Ftags&post=155266"}],"curies":[{"name":"wp","href":"https:\/\/api.w.org\/{rel}","templated":true}]}}