{"id":155265,"date":"2010-11-26T16:56:28","date_gmt":"2010-11-26T16:56:28","guid":{"rendered":"http:\/\/diariodominicano.ddns.net\/?p=155265"},"modified":"2010-11-26T16:56:28","modified_gmt":"2010-11-26T16:56:28","slug":"vicepresidente-dice-incluira-como-beneficiarios-de-solidaridad-a-500-envejecientes-de-cristo-rey","status":"publish","type":"post","link":"https:\/\/diariodominicano.com\/?p=155265","title":{"rendered":"Vicepresidente dice incluir\u00e1 como beneficiarios de Solidaridad a 500 envejecientes de Cristo Rey"},"content":{"rendered":"<p><body><\/p>\n<p><img decoding=\"async\" src=\"http:\/\/localhost:8080\/justiciayderecho\/img3\/R Albulquerque en CristoRey.JPG\" \/><br \/><img decoding=\"async\" src=\"http:\/\/localhost:8080\/justiciayderecho\/img3\/Envejecientede CristoRey.JPG\" \/>  <\/p>\n<p><span class=\"text1noticias\">Santo Domingo, 26  nov 2010.- El vicepresidente de la Rep\u00fablica, doctor Rafael Alburquerque, prometi\u00f3 incluir a m\u00e1s de 500 ancianos de Cristo Rey al Programa Solidaridad a petici\u00f3n del cura p\u00e1rroco de la parroquia del referido sector.<\/span><\/p>\n<\/p>\n<p><span class=\"text1noticias\">Asegur\u00f3 que someter\u00e1 la lista proporcionada por el padre Francisco Cordero con los nombres de los 500 envejecientes al Sistema \u00danico de Beneficiario (SIUBEN) para que sus t\u00e9cnicos visiten los hogares de esas personas, los censen y posteriormente incluyan a los que califiquen para el Programa Solidaridad.<\/span><\/p>\n<\/p>\n<p><span class=\"text1noticias\">?Si no tienen la tarjeta hay que procurarle la tarjeta, si no ahora, durante el pr\u00f3ximo a\u00f1o, porque el Programa Solidaridad tiene que continuar extendi\u00e9ndose hasta abarcar todos los hogares pobres del pa\u00eds?, manifest\u00f3 el vicepresidente ante el aplauso de cientos de beneficiarios de Solidaridad que abarrotaron la Parroquia de Cristo Rey.<\/span><\/p>\n<\/p>\n<p><span class=\"text1noticias\">Asimismo asegur\u00f3 que mejorar\u00e1n el dispensario m\u00e9dico de la iglesia, y que el pr\u00f3ximo domingo el templo recibir\u00e1 500 sillas solicitadas por la comunidad para que realicen con comodidad sus actividades.<\/span><\/p>\n<\/p>\n<p><span class=\"text1noticias\">Por otro lado dijo que el Programa Solidaridad se va a mantener y a extender con la inclusi\u00f3n como beneficiarios en diciembre de 60 mil hogares pobres por disposici\u00f3n del presidente Leonel Fern\u00e1ndez.<\/span><\/p>\n<\/p>\n<p><span class=\"text1noticias\">Alburquerque se\u00f1al\u00f3 que con esa inclusi\u00f3n sumar\u00e1n 589 mil las familias las que recibir\u00e1n los beneficios del Programa en todo el pa\u00eds.<\/span><\/p>\n<\/p>\n<p><span class=\"text1noticias\">El vicemandatario hizo un llamado a cientos de personas que componen los N\u00facleos de Familias Solidarias a colaborar para mejorar Solidaridad, que aporten ideas, denuncien los abusos de los colmados y cumplan con las corresponsabilidades que adquieren cuando entran a formar parte del Programa.<\/span><\/p>\n<\/p>\n<p><span class=\"text1noticias\">De su lado, el p\u00e1rroco Francisco Cordero valor\u00f3 la competencia y eficacia del Programa Solidaridad y felicit\u00f3 al vicepresidente Alburquerque, a quien defini\u00f3 como amigo y hermano de Cristo Rey, por las iniciativas tomadas en favor de ese barrio popular.<\/span><\/p>\n<\/p>\n<p><span class=\"text1noticias\">El vicemandatario estuvo acompa\u00f1ado por el director y el subdirector del Programa Solidaridad, Fernando Reyes y Marcio Castillo; as\u00ed como por Gerpi Polanco, director distrital del Programa; el p\u00e1rroco Francisco Cordero y por Rafael Gonz\u00e1lez, representante del Gabinete Social del Gobierno.<\/span><\/p>\n<\/p>\n<\/p>\n<h6> 2010-11-26 16:56:28 <\/h6>\n<p><!--\n<link rel=\"stylesheet\" href=\"css\/bootstrap.min.css\">\n\n\n<ul class=\"pagination\">\n\t    \n\t\n\n<li >\n\t<a href='?page_no=30432'>Previous<\/a>\n\t<\/li>\n\n\n       \n    \n\n<li><a href='?page_no=1'>1<\/a><\/li>\n\n\n\n<li><a href='?page_no=2'>2<\/a><\/li>\n\n\n\n<li><a>...<\/a><\/li>\n\n\n\n<li><a href='?page_no=30431'>30431<\/a><\/li>\n\n\n\n<li><a href='?page_no=30432'>30432<\/a><\/li>\n\n\n\n<li class='active'><a>30433<\/a><\/li>\n\n\n\n<li><a href='?page_no=30434'>30434<\/a><\/li>\n\n\n\n<li><a href='?page_no=30435'>30435<\/a><\/li>\n\n\n\n<li><a>...<\/a><\/li>\n\n\n\n<li><a href='?page_no=31963'>31963<\/a><\/li>\n\n\n\n<li><a href='?page_no=31964'>31964<\/a><\/li>\n\n    \n\t\n\n<li >\n\t<a href='?page_no=30434'>Next<\/a>\n\t<\/li>\n\n\n    \n\n<li><a href='?page_no=31964'>Last &rsaquo;&rsaquo;<\/a><\/li>\n\n<\/ul>\n\n\n--><br \/>\n<\/body><\/p>\n","protected":false},"excerpt":{"rendered":"<p>Santo Domingo, 26 nov 2010.- El vicepresidente de la Rep\u00fablica, doctor Rafael Alburquerque, prometi\u00f3 incluir a m\u00e1s de 500 ancianos de Cristo Rey al Programa Solidaridad a petici\u00f3n del cura p\u00e1rroco de la parroquia del referido sector. Asegur\u00f3 que someter\u00e1 la lista proporcionada por el padre Francisco Cordero con los nombres de los 500 envejecientes [&hellip;]<\/p>\n","protected":false},"author":3,"featured_media":0,"comment_status":"open","ping_status":"open","sticky":false,"template":"","format":"standard","meta":{"footnotes":""},"categories":[24],"tags":[],"class_list":["post-155265","post","type-post","status-publish","format-standard","hentry","category-justicia-y-derecho"],"_links":{"self":[{"href":"https:\/\/diariodominicano.com\/index.php?rest_route=\/wp\/v2\/posts\/155265","targetHints":{"allow":["GET"]}}],"collection":[{"href":"https:\/\/diariodominicano.com\/index.php?rest_route=\/wp\/v2\/posts"}],"about":[{"href":"https:\/\/diariodominicano.com\/index.php?rest_route=\/wp\/v2\/types\/post"}],"author":[{"embeddable":true,"href":"https:\/\/diariodominicano.com\/index.php?rest_route=\/wp\/v2\/users\/3"}],"replies":[{"embeddable":true,"href":"https:\/\/diariodominicano.com\/index.php?rest_route=%2Fwp%2Fv2%2Fcomments&post=155265"}],"version-history":[{"count":0,"href":"https:\/\/diariodominicano.com\/index.php?rest_route=\/wp\/v2\/posts\/155265\/revisions"}],"wp:attachment":[{"href":"https:\/\/diariodominicano.com\/index.php?rest_route=%2Fwp%2Fv2%2Fmedia&parent=155265"}],"wp:term":[{"taxonomy":"category","embeddable":true,"href":"https:\/\/diariodominicano.com\/index.php?rest_route=%2Fwp%2Fv2%2Fcategories&post=155265"},{"taxonomy":"post_tag","embeddable":true,"href":"https:\/\/diariodominicano.com\/index.php?rest_route=%2Fwp%2Fv2%2Ftags&post=155265"}],"curies":[{"name":"wp","href":"https:\/\/api.w.org\/{rel}","templated":true}]}}