{"id":155263,"date":"2010-11-26T19:32:37","date_gmt":"2010-11-26T19:32:37","guid":{"rendered":"http:\/\/diariodominicano.ddns.net\/?p=155263"},"modified":"2010-11-26T19:32:37","modified_gmt":"2010-11-26T19:32:37","slug":"ligia-amada-melo-coincide-con-el-presidente-leonel-fernandez-sobre-el-debate-en-la-calidad-de-la-educacion","status":"publish","type":"post","link":"https:\/\/diariodominicano.com\/?p=155263","title":{"rendered":"Ligia Amada Melo coincide con el Presidente Leonel Fern\u00e1ndez sobre el debate en la calidad de la educaci\u00f3n&#13;"},"content":{"rendered":"<p><body><\/p>\n<p><span class=\"text1noticias\">Ligia Amada Melo, miembro del Comit\u00e9 Central del Partido de la Liberaci\u00f3n Dominicana (PLD)  se manifest\u00f3 opuesta a que en el sistema educativo se incluya un texto \u00fanico integrado desde primero a cuarto grado, como se ha sugerido.<\/span><\/p>\n<\/p>\n<p><span class=\"text1noticias\">La acad\u00e9mica, quien es la actual Ministro de Educaci\u00f3n Superior y ex Secretaria de Estado de Educaci\u00f3n,  aunque se identifica con la integraci\u00f3n de la educaci\u00f3n,  se opone al texto \u00fanico porque ?induce a la memorizaci\u00f3n? para el aprendizaje.<\/span><\/p>\n<\/p>\n<p><span class=\"text1noticias\">Relata que en reformas anteriores aplicadas   al sistema educativo dominicano   se incluy\u00f3 ?El Constructivismo? que es forma opuesta a la memorizaci\u00f3n que como tal, el alumno construye su propio conocimiento con las indagaciones que le indica el profesor.<\/span><\/p>\n<\/p>\n<p><span class=\"text1noticias\">\u00abEl texto \u00fanico mata el constructivismo lo que  nos puede retrotraer a las memorizaciones. Es la negaci\u00f3n  a esa practica que ha dado buenos resultados\u00bb, asever\u00f3 Ligia Amada Melo.<\/span><\/p>\n<\/p>\n<p><span class=\"text1noticias\">La profesora se inclina por la participaci\u00f3n en las adecuaciones curriculares de los t\u00e9cnicos y especialistas locales, que conocen la realidad educativa nacional, aunque no se opone a la participaci\u00f3n  de  buenos asesores internacionales que los ha habido en el pa\u00eds en diferentes momentos.<\/span><\/p>\n<\/p>\n<p><span class=\"text1noticias\">En otro orden  Melo dijo que coincide con la observaci\u00f3n del  Presidente Leonel Fern\u00e1ndez de que en el debate sobre los niveles de calidad de la educaci\u00f3n  debe ser tema de discusi\u00f3n otros aspectos inherentes al mismo, no solo el aspecto presupuestario.<\/span><\/p>\n<\/p>\n<p><span class=\"text1noticias\">\u00abLa inversi\u00f3n es necesaria. Eso es innegable\u00bb coment\u00f3 Ligia Amada Melo agregando que la misma debe priorizarse,  racionalizarse  y que responda a planes concretos en los que se incluyan las evaluaciones de lo realizado.<\/span><\/p>\n<\/p>\n<p><span class=\"text1noticias\">En una rese\u00f1a de su participaci\u00f3n en el Programa Diario Libre AM a cargo de la Secretar\u00eda de Comunicaciones del PLD, Melo precis\u00f3 sobre  el caso de algunos pa\u00edses con menos rendimiento educativo que otros que gastan m\u00e1s en el regl\u00f3n  educaci\u00f3n.<\/span><\/p>\n<\/p>\n<p><span class=\"text1noticias\">La calidad de la educaci\u00f3n no depende solo de la inversi\u00f3n, aunque considera que la misma es fundamental.<\/span><\/p>\n<\/p>\n<p><span class=\"text1noticias\">Destaca que la calidad de los profesores incide directamente, por que el Ministerio de Educaci\u00f3n Superior, bajo su responsabilidad se encuentra inmerso en un dise\u00f1o curricular dentro de las universidades que forman los docentes.<\/span><\/p>\n<\/p>\n<p><span class=\"text1noticias\"> Destaca que adem\u00e1s de los padres se espera siempre de la formaci\u00f3n de los alumnos que los padres incidan en la misma.<\/span><\/p>\n<\/p>\n<\/p>\n<h6> 2010-11-26 19:32:37 <\/h6>\n<p><!--\n<link rel=\"stylesheet\" href=\"css\/bootstrap.min.css\">\n\n\n<ul class=\"pagination\">\n\t    \n\t\n\n<li >\n\t<a href='?page_no=30430'>Previous<\/a>\n\t<\/li>\n\n\n       \n    \n\n<li><a href='?page_no=1'>1<\/a><\/li>\n\n\n\n<li><a href='?page_no=2'>2<\/a><\/li>\n\n\n\n<li><a>...<\/a><\/li>\n\n\n\n<li><a href='?page_no=30429'>30429<\/a><\/li>\n\n\n\n<li><a href='?page_no=30430'>30430<\/a><\/li>\n\n\n\n<li class='active'><a>30431<\/a><\/li>\n\n\n\n<li><a href='?page_no=30432'>30432<\/a><\/li>\n\n\n\n<li><a href='?page_no=30433'>30433<\/a><\/li>\n\n\n\n<li><a>...<\/a><\/li>\n\n\n\n<li><a href='?page_no=31963'>31963<\/a><\/li>\n\n\n\n<li><a href='?page_no=31964'>31964<\/a><\/li>\n\n    \n\t\n\n<li >\n\t<a href='?page_no=30432'>Next<\/a>\n\t<\/li>\n\n\n    \n\n<li><a href='?page_no=31964'>Last &rsaquo;&rsaquo;<\/a><\/li>\n\n<\/ul>\n\n\n--><br \/>\n<\/body><\/p>\n","protected":false},"excerpt":{"rendered":"<p>Ligia Amada Melo, miembro del Comit\u00e9 Central del Partido de la Liberaci\u00f3n Dominicana (PLD) se manifest\u00f3 opuesta a que en el sistema educativo se incluya un texto \u00fanico integrado desde primero a cuarto grado, como se ha sugerido. La acad\u00e9mica, quien es la actual Ministro de Educaci\u00f3n Superior y ex Secretaria de Estado de Educaci\u00f3n, [&hellip;]<\/p>\n","protected":false},"author":3,"featured_media":0,"comment_status":"open","ping_status":"open","sticky":false,"template":"","format":"standard","meta":{"footnotes":""},"categories":[24],"tags":[],"class_list":["post-155263","post","type-post","status-publish","format-standard","hentry","category-justicia-y-derecho"],"_links":{"self":[{"href":"https:\/\/diariodominicano.com\/index.php?rest_route=\/wp\/v2\/posts\/155263","targetHints":{"allow":["GET"]}}],"collection":[{"href":"https:\/\/diariodominicano.com\/index.php?rest_route=\/wp\/v2\/posts"}],"about":[{"href":"https:\/\/diariodominicano.com\/index.php?rest_route=\/wp\/v2\/types\/post"}],"author":[{"embeddable":true,"href":"https:\/\/diariodominicano.com\/index.php?rest_route=\/wp\/v2\/users\/3"}],"replies":[{"embeddable":true,"href":"https:\/\/diariodominicano.com\/index.php?rest_route=%2Fwp%2Fv2%2Fcomments&post=155263"}],"version-history":[{"count":0,"href":"https:\/\/diariodominicano.com\/index.php?rest_route=\/wp\/v2\/posts\/155263\/revisions"}],"wp:attachment":[{"href":"https:\/\/diariodominicano.com\/index.php?rest_route=%2Fwp%2Fv2%2Fmedia&parent=155263"}],"wp:term":[{"taxonomy":"category","embeddable":true,"href":"https:\/\/diariodominicano.com\/index.php?rest_route=%2Fwp%2Fv2%2Fcategories&post=155263"},{"taxonomy":"post_tag","embeddable":true,"href":"https:\/\/diariodominicano.com\/index.php?rest_route=%2Fwp%2Fv2%2Ftags&post=155263"}],"curies":[{"name":"wp","href":"https:\/\/api.w.org\/{rel}","templated":true}]}}