{"id":155262,"date":"2010-11-26T19:35:39","date_gmt":"2010-11-26T19:35:39","guid":{"rendered":"http:\/\/diariodominicano.ddns.net\/?p=155262"},"modified":"2010-11-26T19:35:39","modified_gmt":"2010-11-26T19:35:39","slug":"eddy-mateo-dice-gobierno-fernandez-es-que-mas-ha-invertido-en-educacion-publica-nacional","status":"publish","type":"post","link":"https:\/\/diariodominicano.com\/?p=155262","title":{"rendered":"Eddy Mateo dice gobierno Fern\u00e1ndez es que m\u00e1s ha invertido en Educaci\u00f3n p\u00fablica nacional"},"content":{"rendered":"<p><body><\/p>\n<p><span class=\"text1noticias\"> <\/span><\/p>\n<p><span class=\"text1noticias\">Santo Domingo.- Eddy Mateo, Senador del Partido de la Liberaci\u00f3n Dominicana por Barahona, dijo que detr\u00e1s de los reclamos del cuatro por ciento para el sector educativo existe  un trasfondo pol\u00edtico y dijo que le resulta extra\u00f1o que en este momento sea el aspirante a la presidencia de la Rep\u00fablica por el PRD el mayor demandante de dicha conquista<\/span><\/p>\n<p><span class=\"text1noticias\"> <\/span><\/p>\n<p><span class=\"text1noticias\">\u00abPienso que en la Rep\u00fablica Dominicana, no hay un gobierno que no sea el de Leonel Fern\u00e1ndez que haya hecho m\u00e1s por la educaci\u00f3n;  construyendo escuelas, repar\u00e1ndolas , con  becas estudiantiles, desayuno escolar, aumento de salario de los maestros\u00bb, subray\u00f3 Mateo en  nota rese\u00f1ada por la Secretar\u00eda de Comunicaciones del PLD.<\/span><\/p>\n<p><span class=\"text1noticias\"> <\/span><\/p>\n<p><span class=\"text1noticias\">El legislador pelede\u00edsta en declaraciones al radio peri\u00f3dico Noticiario Popular  se\u00f1al\u00f3 que en definitiva \u00abes el gobierno que m\u00e1s ha hecho por educaci\u00f3n\u00bb.<\/span><\/p>\n<p><span class=\"text1noticias\"> <\/span><\/p>\n<p><span class=\"text1noticias\">Asimismo, el pol\u00edtico, quien es el Presidente provincial del PLD dijo \u00abtodo ese teatro que se viene  haciendo,  aparentemente con asociaciones  de la sociedad civil, hay un trasfondo pol\u00edtico\u00bb!, agreg\u00f3 que no es casual el presidente del PRD, coja ese tema como bandera de lucha.<\/span><\/p>\n<p><span class=\"text1noticias\"> <\/span><\/p>\n<p><span class=\"text1noticias\">\u00abTodos queremos que la educaci\u00f3n sea un componente esencial de nuestra sociedad y correspondiente con esto,  en el presupuesto se asigne una partida esencial suficiente de dinero si es necesario\u00bb, destac\u00f3 el tambi\u00e9n profesor universitario.<\/span><\/p>\n<p><span class=\"text1noticias\"> <\/span><\/p>\n<p><span class=\"text1noticias\">Sin embargo Mateo V\u00e1squez  se refiri\u00f3 a una realidad del pa\u00eds y es que su presi\u00f3n tributaria no le permite cargarle m\u00e1s a las instituciones de lo que se est\u00e1 haciendo.<\/span><\/p>\n<p><span class=\"text1noticias\"> <\/span><\/p>\n<p><span class=\"text1noticias\">\u00abEste presupuesto de m\u00e1s de 300 mil millones de pesos que va a ser superior a los presupuesto anteriores se corresponde con lo que puede el pa\u00eds gastar en t\u00e9rmino impositivo\u00bb, subray\u00f3 el representante de la C\u00e1mara Alta por el PLD en Barahona.<\/span><\/p>\n<p><span class=\"text1noticias\"> <\/span><\/p>\n<p><span class=\"text1noticias\">\u00abEn definitiva yo soy  coincidente con el presidente en cuanto a que todo esto est\u00e1 rodeado de un teatro politiquero, detr\u00e1s de todo esto est\u00e1 el PRD, hay un inter\u00e9s pol\u00edtico en reclamarle esto al gobierno\u00bb, manifest\u00f3 Eddy Mateo al reiterar que es decisi\u00f3n de todos, en especial de las autoridades de gobierno un buen desempe\u00f1o en todas las instituciones y carteras.<\/span><\/p>\n<p><span class=\"text1noticias\"> <\/span><\/p>\n<p><span class=\"text1noticias\">\u00abEl sector educativo, el sector salud, el sector construcci\u00f3n, el sector agropecuario, en definitiva que todos los sectores que componen el espectro institucional del pa\u00eds, reciban lo necesario para su desenvolvimiento\u00bb, concluy\u00f3.<\/span><\/p>\n<\/p>\n<h6> 2010-11-26 19:35:39 <\/h6>\n<p><!--\n<link rel=\"stylesheet\" href=\"css\/bootstrap.min.css\">\n\n\n<ul class=\"pagination\">\n\t    \n\t\n\n<li >\n\t<a href='?page_no=30429'>Previous<\/a>\n\t<\/li>\n\n\n       \n    \n\n<li><a href='?page_no=1'>1<\/a><\/li>\n\n\n\n<li><a href='?page_no=2'>2<\/a><\/li>\n\n\n\n<li><a>...<\/a><\/li>\n\n\n\n<li><a href='?page_no=30428'>30428<\/a><\/li>\n\n\n\n<li><a href='?page_no=30429'>30429<\/a><\/li>\n\n\n\n<li class='active'><a>30430<\/a><\/li>\n\n\n\n<li><a href='?page_no=30431'>30431<\/a><\/li>\n\n\n\n<li><a href='?page_no=30432'>30432<\/a><\/li>\n\n\n\n<li><a>...<\/a><\/li>\n\n\n\n<li><a href='?page_no=31963'>31963<\/a><\/li>\n\n\n\n<li><a href='?page_no=31964'>31964<\/a><\/li>\n\n    \n\t\n\n<li >\n\t<a href='?page_no=30431'>Next<\/a>\n\t<\/li>\n\n\n    \n\n<li><a href='?page_no=31964'>Last &rsaquo;&rsaquo;<\/a><\/li>\n\n<\/ul>\n\n\n--><br \/>\n<\/body><\/p>\n","protected":false},"excerpt":{"rendered":"<p>Santo Domingo.- Eddy Mateo, Senador del Partido de la Liberaci\u00f3n Dominicana por Barahona, dijo que detr\u00e1s de los reclamos del cuatro por ciento para el sector educativo existe un trasfondo pol\u00edtico y dijo que le resulta extra\u00f1o que en este momento sea el aspirante a la presidencia de la Rep\u00fablica por el PRD el mayor [&hellip;]<\/p>\n","protected":false},"author":3,"featured_media":0,"comment_status":"open","ping_status":"open","sticky":false,"template":"","format":"standard","meta":{"footnotes":""},"categories":[24],"tags":[],"class_list":["post-155262","post","type-post","status-publish","format-standard","hentry","category-justicia-y-derecho"],"_links":{"self":[{"href":"https:\/\/diariodominicano.com\/index.php?rest_route=\/wp\/v2\/posts\/155262","targetHints":{"allow":["GET"]}}],"collection":[{"href":"https:\/\/diariodominicano.com\/index.php?rest_route=\/wp\/v2\/posts"}],"about":[{"href":"https:\/\/diariodominicano.com\/index.php?rest_route=\/wp\/v2\/types\/post"}],"author":[{"embeddable":true,"href":"https:\/\/diariodominicano.com\/index.php?rest_route=\/wp\/v2\/users\/3"}],"replies":[{"embeddable":true,"href":"https:\/\/diariodominicano.com\/index.php?rest_route=%2Fwp%2Fv2%2Fcomments&post=155262"}],"version-history":[{"count":0,"href":"https:\/\/diariodominicano.com\/index.php?rest_route=\/wp\/v2\/posts\/155262\/revisions"}],"wp:attachment":[{"href":"https:\/\/diariodominicano.com\/index.php?rest_route=%2Fwp%2Fv2%2Fmedia&parent=155262"}],"wp:term":[{"taxonomy":"category","embeddable":true,"href":"https:\/\/diariodominicano.com\/index.php?rest_route=%2Fwp%2Fv2%2Fcategories&post=155262"},{"taxonomy":"post_tag","embeddable":true,"href":"https:\/\/diariodominicano.com\/index.php?rest_route=%2Fwp%2Fv2%2Ftags&post=155262"}],"curies":[{"name":"wp","href":"https:\/\/api.w.org\/{rel}","templated":true}]}}