{"id":155261,"date":"2010-11-26T19:42:07","date_gmt":"2010-11-26T19:42:07","guid":{"rendered":"http:\/\/diariodominicano.ddns.net\/?p=155261"},"modified":"2010-11-26T19:42:07","modified_gmt":"2010-11-26T19:42:07","slug":"funcionarios-del-servicio-penitenciario-federal-de-argentina-estan-de-visita-en-el-pais","status":"publish","type":"post","link":"https:\/\/diariodominicano.com\/?p=155261","title":{"rendered":"Funcionarios del Servicio Penitenciario Federal de Argentina est\u00e1n de visita en el pa\u00eds"},"content":{"rendered":"<p><body><\/p>\n<p><img decoding=\"async\" src=\"http:\/\/localhost:8080\/justiciayderecho\/img3\/pgr pa.JPG\" \/>  <\/p>\n<p><span class=\"text1noticias\">         <\/span><\/p>\n<\/p>\n<p><span class=\"text1noticias\">Santo Domingo.- Funcionarios del Servicio Penitenciario Federal de Argentina est\u00e1n de visita en el pa\u00eds para conocer las experiencias obtenidas en la reforma de los centros de reclusi\u00f3n con la  implementaci\u00f3n del nuevo sistema,  que consiste en la rehabilitaci\u00f3n de los internos proporcion\u00e1ndoles espacios f\u00edsicos adecuados y ayuda psicol\u00f3gica mientras cumplen condena.<\/span><\/p>\n<\/p>\n<p><span class=\"text1noticias\">Daniel Guti\u00e9rrez, inspector general del cuerpo penitenciario,  y Roberto Lecina, director de la escuela penitenciaria de esa naci\u00f3n, har\u00e1n un recorrido ma\u00f1ana s\u00e1bado, junto al procurador general de la Rep\u00fablica, doctor Radham\u00e9s Jim\u00e9nez Pe\u00f1a, por los centros de correcci\u00f3n y rehabilitaci\u00f3n Vista al Valle, en San Francisco de Macor\u00eds,  y La Isleta, en Moca.<\/span><\/p>\n<p><span class=\"text1noticias\"> <\/span><\/p>\n<p><span class=\"text1noticias\">En un encuentro que sostuvieron con el procurador, en su despacho, los argentinos dijeron que viajaron al pa\u00eds para llevarse una experiencia del trabajo que se implementa en Rep\u00fablica Dominicana. En esa reuni\u00f3n tambi\u00e9n particip\u00f3 Ysmael Paniagua, subdirector de seguridad del Modelo de Gesti\u00f3n Penitenciaria.<\/span><\/p>\n<p><span class=\"text1noticias\"> <\/span><\/p>\n<p><span class=\"text1noticias\">?Conocemos su historia y asimilamos todas sus experiencias?, expres\u00f3 Guti\u00e9rrez. Mientras que Jim\u00e9nez Pe\u00f1a manifest\u00f3 que justamente el nuevo modelo que se implementa en Rep\u00fablica Dominicana incluye experiencias de otros pa\u00edses.<\/span><\/p>\n<p><span class=\"text1noticias\"> <\/span><\/p>\n<p><span class=\"text1noticias\">Recientemente, la Organizaci\u00f3n de las Naciones Unidas (ONU) declar\u00f3 a la Rep\u00fablica Dominicana como pa\u00eds de excelencia en la instauraci\u00f3n del nuevo sistema penitenciario, por lo que instal\u00f3 en el pa\u00eds el Centro de Excelencia sobre Reducci\u00f3n y Reforma de la Demanda Penitenciaria.<\/span><\/p>\n<p><span class=\"text1noticias\"> <\/span><\/p>\n<p><span class=\"text1noticias\">En la actualidad, la Procuradur\u00eda tiene integrado 13 centros penitenciarios al nuevo modelo, donde los internos, adem\u00e1s de permanecer en infraestructuras dotadas de sala, dormitorio, taller, sal\u00f3n de inform\u00e1tica y otras facilidades,  reciben educaci\u00f3n, cursos variados y  pr\u00e1cticas de gimnasio.<\/span><\/p>\n<\/p>\n<p><span class=\"text1noticias\">Adem\u00e1s, los internos se integran diariamente a labores productivas en la confecci\u00f3n de cuadros, fabricaci\u00f3n de camas, muebles, s\u00e1banas, reparaci\u00f3n de veh\u00edculos y otras actividades.  Tambi\u00e9n se dedican a la producci\u00f3n de cultivos agr\u00edcolas y la crianza de animales.<\/span><\/p>\n<\/p>\n<p> <span class=\"text1noticias\"> Est\u00e1n bajo el nuevo modelo penitenciario,  los CCRs de San Pedro de Macor\u00eds, est\u00e1n en el nuevo modelo, los recintos Najayo-Mujeres, en San Crist\u00f3bal; Haras Nacionales, en Santo Domingo; San Felipe, Puerto Plata; Rafey-Mujeres y Rafey-Hombres, en Santiago; Vista al Valle, San Francisco de Macor\u00eds; La Isleta, Moca, y Ban\u00ed-Mujeres, as\u00ed como los de El\u00edas Pi\u00f1a, Dajab\u00f3n, Mao y  Monte Plata.<\/span><\/p>\n<h6> 2010-11-26 19:42:07 <\/h6>\n<p><!--\n<link rel=\"stylesheet\" href=\"css\/bootstrap.min.css\">\n\n\n<ul class=\"pagination\">\n\t    \n\t\n\n<li >\n\t<a href='?page_no=30428'>Previous<\/a>\n\t<\/li>\n\n\n       \n    \n\n<li><a href='?page_no=1'>1<\/a><\/li>\n\n\n\n<li><a href='?page_no=2'>2<\/a><\/li>\n\n\n\n<li><a>...<\/a><\/li>\n\n\n\n<li><a href='?page_no=30427'>30427<\/a><\/li>\n\n\n\n<li><a href='?page_no=30428'>30428<\/a><\/li>\n\n\n\n<li class='active'><a>30429<\/a><\/li>\n\n\n\n<li><a href='?page_no=30430'>30430<\/a><\/li>\n\n\n\n<li><a href='?page_no=30431'>30431<\/a><\/li>\n\n\n\n<li><a>...<\/a><\/li>\n\n\n\n<li><a href='?page_no=31963'>31963<\/a><\/li>\n\n\n\n<li><a href='?page_no=31964'>31964<\/a><\/li>\n\n    \n\t\n\n<li >\n\t<a href='?page_no=30430'>Next<\/a>\n\t<\/li>\n\n\n    \n\n<li><a href='?page_no=31964'>Last &rsaquo;&rsaquo;<\/a><\/li>\n\n<\/ul>\n\n\n--><br \/>\n<\/body><\/p>\n","protected":false},"excerpt":{"rendered":"<p>Santo Domingo.- Funcionarios del Servicio Penitenciario Federal de Argentina est\u00e1n de visita en el pa\u00eds para conocer las experiencias obtenidas en la reforma de los centros de reclusi\u00f3n con la implementaci\u00f3n del nuevo sistema, que consiste en la rehabilitaci\u00f3n de los internos proporcion\u00e1ndoles espacios f\u00edsicos adecuados y ayuda psicol\u00f3gica mientras cumplen condena. Daniel Guti\u00e9rrez, inspector [&hellip;]<\/p>\n","protected":false},"author":3,"featured_media":0,"comment_status":"open","ping_status":"open","sticky":false,"template":"","format":"standard","meta":{"footnotes":""},"categories":[24],"tags":[],"class_list":["post-155261","post","type-post","status-publish","format-standard","hentry","category-justicia-y-derecho"],"_links":{"self":[{"href":"https:\/\/diariodominicano.com\/index.php?rest_route=\/wp\/v2\/posts\/155261","targetHints":{"allow":["GET"]}}],"collection":[{"href":"https:\/\/diariodominicano.com\/index.php?rest_route=\/wp\/v2\/posts"}],"about":[{"href":"https:\/\/diariodominicano.com\/index.php?rest_route=\/wp\/v2\/types\/post"}],"author":[{"embeddable":true,"href":"https:\/\/diariodominicano.com\/index.php?rest_route=\/wp\/v2\/users\/3"}],"replies":[{"embeddable":true,"href":"https:\/\/diariodominicano.com\/index.php?rest_route=%2Fwp%2Fv2%2Fcomments&post=155261"}],"version-history":[{"count":0,"href":"https:\/\/diariodominicano.com\/index.php?rest_route=\/wp\/v2\/posts\/155261\/revisions"}],"wp:attachment":[{"href":"https:\/\/diariodominicano.com\/index.php?rest_route=%2Fwp%2Fv2%2Fmedia&parent=155261"}],"wp:term":[{"taxonomy":"category","embeddable":true,"href":"https:\/\/diariodominicano.com\/index.php?rest_route=%2Fwp%2Fv2%2Fcategories&post=155261"},{"taxonomy":"post_tag","embeddable":true,"href":"https:\/\/diariodominicano.com\/index.php?rest_route=%2Fwp%2Fv2%2Ftags&post=155261"}],"curies":[{"name":"wp","href":"https:\/\/api.w.org\/{rel}","templated":true}]}}