{"id":155260,"date":"2010-11-26T19:46:46","date_gmt":"2010-11-26T19:46:46","guid":{"rendered":"http:\/\/diariodominicano.ddns.net\/?p=155260"},"modified":"2010-11-26T19:46:46","modified_gmt":"2010-11-26T19:46:46","slug":"ministro-de-salud-publica-supervisa-medidas-preventivas-en-zona-fronteriza-norte","status":"publish","type":"post","link":"https:\/\/diariodominicano.com\/?p=155260","title":{"rendered":"&#13;&#13;Ministro de Salud P\u00fablica supervisa medidas preventivas en zona fronteriza Norte"},"content":{"rendered":"<p><body><\/p>\n<p><img decoding=\"async\" src=\"http:\/\/localhost:8080\/justiciayderecho\/img3\/ministro salud mano.jpg\" \/>  <\/p>\n<\/p>\n<p><span class=\"text1noticias\"> Afirma  hasta el momento no hay confirmaci\u00f3n de nuevos casos  de c\u00f3lera <\/span><\/p>\n<\/p>\n<p><span class=\"text1noticias\">Montecristi.- El ministro de Salud P\u00fablica  recorri\u00f3  este viernes   desde tempranas  horas de  la ma\u00f1ana la zona fronteriza Norte que incluye las provincias de  Dajab\u00f2n, Monte Cristi y Pedernales   donde supervis\u00f3   la marcha de las medidas preventivas contra  el c\u00f3lera  adoptas por las autoridades  sanitarias  en esa parte del pa\u00eds.<\/span><\/p>\n<\/p>\n<p><span class=\"text1noticias\">El doctor Bautista Rojas G\u00f3mez, inform\u00f3 asimismo, que en su recorrido de inspecci\u00f3n por esas demarcaciones  la situaci\u00f3n en torno a la enfermedad  es de tranquilidad ya que no sean confirmado nuevos eventos  de transmisi\u00f3n del c\u00f3lera en ese lugar ni en ninguna otra parte del territorio dominicano<\/span><\/p>\n<p><span class=\"text1noticias\">\t<\/span><\/p>\n<p><span class=\"text1noticias\">Destac\u00f3 que  durante  su visita , instruy\u00f3  para que  todos  los centros de salud de cada una de las provincias se  mantengan  habilitadas suficientes espacios,  personal , camas , insumos y  medicamentos  para atender  adecuadamente cualquier novedad  epid\u00e9mica.  <\/span><\/p>\n<\/p>\n<p><span class=\"text1noticias\">Hasta la tarde de este viernes, observ\u00f3, no se tienen registros oficiales de confirmaciones  de nuevas personas  afectadas de c\u00f3lera, por lo que hasta el momento la lista de afectados por la enfermedad se mantiene en cuatro.<\/span><\/p>\n<\/p>\n<p><span class=\"text1noticias\">Sostuvo que personal t\u00e9cnico y especializado  trabaja noche y d\u00eda en el monitoreo de la enfermedad  en toda la geograf\u00eda nacional, para prevenir cualquier  evento de transmisi\u00f3n del c\u00f3lera en ciudadanos dominicanos o extranjeros.  <\/span><\/p>\n<\/p>\n<p><span class=\"text1noticias\">Manifest\u00f3 que la  log\u00edstica  continua montada en todo el territorio nacional   e inst\u00f3  a la   sociedad dominicana,  ha seguir  las orientaciones oficiales respecto a las medidas de higiene recomendadas.<\/span><\/p>\n<\/p>\n<p><span class=\"text1noticias\">Destac\u00f3 que en t\u00e9rmino de salud, la prioridad actual del pa\u00eds, Gobierno y particularmente de las autoridades de Salud P\u00fablica, es precisamente mantener el control epidemiol\u00f3gico y la informaci\u00f3n oportuna y adecuada para evitar desinformaci\u00f3n  y alarma en torno a la marcha de la enfermedad.<\/span><\/p>\n<\/p>\n<p><span class=\"text1noticias\">Asegur\u00f3 que los cuatros puntos cardinales de la naci\u00f3n dominicana est\u00e1n estrictamente vigilados y que hasta el momento ni en puertos, aeropuertos ni pasos fronterizos se han registrado ni notificado nuevos  casos de c\u00f3lera en  territorio dominicano.<\/span><\/p>\n<\/p>\n<\/p>\n<h6> 2010-11-26 19:46:46 <\/h6>\n<p><!--\n<link rel=\"stylesheet\" href=\"css\/bootstrap.min.css\">\n\n\n<ul class=\"pagination\">\n\t    \n\t\n\n<li >\n\t<a href='?page_no=30427'>Previous<\/a>\n\t<\/li>\n\n\n       \n    \n\n<li><a href='?page_no=1'>1<\/a><\/li>\n\n\n\n<li><a href='?page_no=2'>2<\/a><\/li>\n\n\n\n<li><a>...<\/a><\/li>\n\n\n\n<li><a href='?page_no=30426'>30426<\/a><\/li>\n\n\n\n<li><a href='?page_no=30427'>30427<\/a><\/li>\n\n\n\n<li class='active'><a>30428<\/a><\/li>\n\n\n\n<li><a href='?page_no=30429'>30429<\/a><\/li>\n\n\n\n<li><a href='?page_no=30430'>30430<\/a><\/li>\n\n\n\n<li><a>...<\/a><\/li>\n\n\n\n<li><a href='?page_no=31963'>31963<\/a><\/li>\n\n\n\n<li><a href='?page_no=31964'>31964<\/a><\/li>\n\n    \n\t\n\n<li >\n\t<a href='?page_no=30429'>Next<\/a>\n\t<\/li>\n\n\n    \n\n<li><a href='?page_no=31964'>Last &rsaquo;&rsaquo;<\/a><\/li>\n\n<\/ul>\n\n\n--><br \/>\n<\/body><\/p>\n","protected":false},"excerpt":{"rendered":"<p>Afirma hasta el momento no hay confirmaci\u00f3n de nuevos casos de c\u00f3lera Montecristi.- El ministro de Salud P\u00fablica recorri\u00f3 este viernes desde tempranas horas de la ma\u00f1ana la zona fronteriza Norte que incluye las provincias de Dajab\u00f2n, Monte Cristi y Pedernales donde supervis\u00f3 la marcha de las medidas preventivas contra el c\u00f3lera adoptas por las [&hellip;]<\/p>\n","protected":false},"author":3,"featured_media":0,"comment_status":"open","ping_status":"open","sticky":false,"template":"","format":"standard","meta":{"footnotes":""},"categories":[24],"tags":[],"class_list":["post-155260","post","type-post","status-publish","format-standard","hentry","category-justicia-y-derecho"],"_links":{"self":[{"href":"https:\/\/diariodominicano.com\/index.php?rest_route=\/wp\/v2\/posts\/155260","targetHints":{"allow":["GET"]}}],"collection":[{"href":"https:\/\/diariodominicano.com\/index.php?rest_route=\/wp\/v2\/posts"}],"about":[{"href":"https:\/\/diariodominicano.com\/index.php?rest_route=\/wp\/v2\/types\/post"}],"author":[{"embeddable":true,"href":"https:\/\/diariodominicano.com\/index.php?rest_route=\/wp\/v2\/users\/3"}],"replies":[{"embeddable":true,"href":"https:\/\/diariodominicano.com\/index.php?rest_route=%2Fwp%2Fv2%2Fcomments&post=155260"}],"version-history":[{"count":0,"href":"https:\/\/diariodominicano.com\/index.php?rest_route=\/wp\/v2\/posts\/155260\/revisions"}],"wp:attachment":[{"href":"https:\/\/diariodominicano.com\/index.php?rest_route=%2Fwp%2Fv2%2Fmedia&parent=155260"}],"wp:term":[{"taxonomy":"category","embeddable":true,"href":"https:\/\/diariodominicano.com\/index.php?rest_route=%2Fwp%2Fv2%2Fcategories&post=155260"},{"taxonomy":"post_tag","embeddable":true,"href":"https:\/\/diariodominicano.com\/index.php?rest_route=%2Fwp%2Fv2%2Ftags&post=155260"}],"curies":[{"name":"wp","href":"https:\/\/api.w.org\/{rel}","templated":true}]}}