{"id":155259,"date":"2010-11-26T20:00:17","date_gmt":"2010-11-26T20:00:17","guid":{"rendered":"http:\/\/diariodominicano.ddns.net\/?p=155259"},"modified":"2010-11-26T20:00:17","modified_gmt":"2010-11-26T20:00:17","slug":"profesores-de-barahona-deciden-mantener-huelga-realizan-marcha-piquetes-y-vigilia","status":"publish","type":"post","link":"https:\/\/diariodominicano.com\/?p=155259","title":{"rendered":"Profesores de Barahona deciden mantener huelga; realizan marcha,  piquetes y vigilia."},"content":{"rendered":"<p><body><\/p>\n<p><img decoding=\"async\" src=\"img3\/marcha.JPG\" \/>  <\/p>\n<p><strong><span class=\"text1noticias\">Teuddy A. S\u00e1nchez<\/span><\/strong><\/p>\n<\/p>\n<p><strong><span class=\"text1noticias\">        BARAHONA.-<\/span><\/strong><span class=\"text1noticias\"> Los profesores de esta ciudad, determinaron este jueves en asamblea, mantener la huelga parcial en las escuelas p\u00fablicas en demanda del cuatro por ciento del Presupuesto del 2011 para la Educaci\u00f3n.<\/span><\/p>\n<p><span class=\"text1noticias\"> <\/span><\/p>\n<p><span class=\"text1noticias\">        Los maestros, tras la concentraci\u00f3n en el liceo secundario, Doctor Federico Henr\u00edquez y Carvajal marcharon calles y avenidas de esta localidad, portando cartelotes a favor de sus reivindicaciones.<\/span><\/p>\n<p><span class=\"text1noticias\"> <\/span><\/p>\n<p><span class=\"text1noticias\">        Los educadores realizaron una parada en el edificio El Huacalito, donde est\u00e1n las oficinas del distrito educativo 01-03.<\/span><\/p>\n<p><span class=\"text1noticias\"> <\/span><\/p>\n<p><span class=\"text1noticias\">        Asimismo, los profesores se trasladaron a la sede de la Gobernaci\u00f3n Provincial , ubicada en la calle Col\u00f3n, donde por varios minutos estuvieron pirueteando dicho lugar.<\/span><\/p>\n<p><span class=\"text1noticias\"> <\/span><\/p>\n<p><span class=\"text1noticias\">        Los maestros, terminaron su caminata en el parque central \u00abLuis E. Del Monte\u00bb, donde realizaron una vigilia por varias horas.<\/span><\/p>\n<p><span class=\"text1noticias\"> <\/span><\/p>\n<p><span class=\"text1noticias\">        El profesor Miguel \u00c1ngel F\u00e9liz, secretario de organizaci\u00f3n de la Asociaci\u00f3n Dominciana de Profesores (ADP), dijo que los maestros decidieron continuar impartiendo solo dos horas de clases en las tarda matutina y vespertina.<\/span><\/p>\n<p><span class=\"text1noticias\"> <\/span><\/p>\n<p><span class=\"text1noticias\">        El dirigente de la ADP se\u00f1al\u00f3 que lunes, martes y mi\u00e9rcoles se trabajar\u00e1 dos horas, el jueves y viernes asambleas y vigilias en diferentes puntos.<\/span><\/p>\n<p><span class=\"text1noticias\"> <\/span><\/p>\n<p><span class=\"text1noticias\">        Adem\u00e1s de F\u00e9liz estuvieron presentes, Wilfrido Suero, presidente y otras lides adepedeistas locales.<\/span><\/p>\n<p><span class=\"text1noticias\"> <\/span><\/p>\n<p><span class=\"text1noticias\">        Dijo que ellos plantearon que se impartiera docencia normal de lunes a mi\u00e9rcoles, pero que los presentes en la asamblea rechazaron esa propuesta.<\/span><\/p>\n<p><span class=\"text1noticias\"> <\/span><\/p>\n<p><span class=\"text1noticias\">        Se\u00f1al\u00f3 que los maestros decidieron mantener la paralizaci\u00f3n parcial.<\/span><\/p>\n<p><span class=\"text1noticias\"> <\/span><\/p>\n<p><span class=\"text1noticias\">        Dijo que a ellos le molesta esta situaci\u00f3n, \u00abpero el ministro de Educaci\u00f3n no le ha dejado otra situaci\u00f3n que el de la lucha todos los d\u00edas por el 4 por ciento para el sector que los agrupa\u00bb.<\/span><\/p>\n<p><span class=\"text1noticias\"> <\/span><\/p>\n<p><span class=\"text1noticias\">        Manifest\u00f3 que es penosa la situaci\u00f3n del Seguro de los Maestros que en la actualidad esta suspendido.<\/span><\/p>\n<h6> 2010-11-26 20:00:17 <\/h6>\n<p><!--\n<link rel=\"stylesheet\" href=\"css\/bootstrap.min.css\">\n\n\n<ul class=\"pagination\">\n\t    \n\t\n\n<li >\n\t<a href='?page_no=30426'>Previous<\/a>\n\t<\/li>\n\n\n       \n    \n\n<li><a href='?page_no=1'>1<\/a><\/li>\n\n\n\n<li><a href='?page_no=2'>2<\/a><\/li>\n\n\n\n<li><a>...<\/a><\/li>\n\n\n\n<li><a href='?page_no=30425'>30425<\/a><\/li>\n\n\n\n<li><a href='?page_no=30426'>30426<\/a><\/li>\n\n\n\n<li class='active'><a>30427<\/a><\/li>\n\n\n\n<li><a href='?page_no=30428'>30428<\/a><\/li>\n\n\n\n<li><a href='?page_no=30429'>30429<\/a><\/li>\n\n\n\n<li><a>...<\/a><\/li>\n\n\n\n<li><a href='?page_no=31963'>31963<\/a><\/li>\n\n\n\n<li><a href='?page_no=31964'>31964<\/a><\/li>\n\n    \n\t\n\n<li >\n\t<a href='?page_no=30428'>Next<\/a>\n\t<\/li>\n\n\n    \n\n<li><a href='?page_no=31964'>Last &rsaquo;&rsaquo;<\/a><\/li>\n\n<\/ul>\n\n\n--><br \/>\n<\/body><\/p>\n","protected":false},"excerpt":{"rendered":"<p>Teuddy A. S\u00e1nchez BARAHONA.- Los profesores de esta ciudad, determinaron este jueves en asamblea, mantener la huelga parcial en las escuelas p\u00fablicas en demanda del cuatro por ciento del Presupuesto del 2011 para la Educaci\u00f3n. Los maestros, tras la concentraci\u00f3n en el liceo secundario, Doctor Federico Henr\u00edquez y Carvajal marcharon calles y avenidas de esta [&hellip;]<\/p>\n","protected":false},"author":3,"featured_media":0,"comment_status":"open","ping_status":"open","sticky":false,"template":"","format":"standard","meta":{"footnotes":""},"categories":[24],"tags":[],"class_list":["post-155259","post","type-post","status-publish","format-standard","hentry","category-justicia-y-derecho"],"_links":{"self":[{"href":"https:\/\/diariodominicano.com\/index.php?rest_route=\/wp\/v2\/posts\/155259","targetHints":{"allow":["GET"]}}],"collection":[{"href":"https:\/\/diariodominicano.com\/index.php?rest_route=\/wp\/v2\/posts"}],"about":[{"href":"https:\/\/diariodominicano.com\/index.php?rest_route=\/wp\/v2\/types\/post"}],"author":[{"embeddable":true,"href":"https:\/\/diariodominicano.com\/index.php?rest_route=\/wp\/v2\/users\/3"}],"replies":[{"embeddable":true,"href":"https:\/\/diariodominicano.com\/index.php?rest_route=%2Fwp%2Fv2%2Fcomments&post=155259"}],"version-history":[{"count":0,"href":"https:\/\/diariodominicano.com\/index.php?rest_route=\/wp\/v2\/posts\/155259\/revisions"}],"wp:attachment":[{"href":"https:\/\/diariodominicano.com\/index.php?rest_route=%2Fwp%2Fv2%2Fmedia&parent=155259"}],"wp:term":[{"taxonomy":"category","embeddable":true,"href":"https:\/\/diariodominicano.com\/index.php?rest_route=%2Fwp%2Fv2%2Fcategories&post=155259"},{"taxonomy":"post_tag","embeddable":true,"href":"https:\/\/diariodominicano.com\/index.php?rest_route=%2Fwp%2Fv2%2Ftags&post=155259"}],"curies":[{"name":"wp","href":"https:\/\/api.w.org\/{rel}","templated":true}]}}