{"id":155257,"date":"2010-11-26T21:18:04","date_gmt":"2010-11-26T21:18:04","guid":{"rendered":"http:\/\/diariodominicano.ddns.net\/?p=155257"},"modified":"2010-11-26T21:18:04","modified_gmt":"2010-11-26T21:18:04","slug":"diputados-celebran-seminario-en-ministerio-de-las-fuerzas-armadas","status":"publish","type":"post","link":"https:\/\/diariodominicano.com\/?p=155257","title":{"rendered":"&#13;&#13;&#13;Diputados celebran seminario en Ministerio de las Fuerzas Armadas"},"content":{"rendered":"<p><body><\/p>\n<p><span class=\"text1noticias\">Santo Domingo.- Las Comisiones de Interior y Polic\u00eda y de Fuerzas Armadas de la C\u00e1mara de Diputados se reunieron con el ministro de las Fuerzas Armadas, con quien analizaron sobre el Proyecto de Ley de Control y Regulaci\u00f3n de Armas de Fuego, Municiones y otros Materiales Relacionados.<\/span><\/p>\n<\/p>\n<p><span class=\"text1noticias\">El teniente general Joaqu\u00edn Virgilio P\u00e9rez Feliz recibi\u00f3 en su despacho a los presidentes  de ambas comisiones, diputados Elpidio B\u00e1ez y El\u00edas Serrulle, quienes estuvieron acompa\u00f1ados por varios legisladores.<\/span><\/p>\n<p><span class=\"text1noticias\"> <\/span><\/p>\n<p><span class=\"text1noticias\">El alto oficial puso a disposici\u00f3n de la C\u00e1mara de Diputados, de manera permanente, a un grupo de t\u00e9cnicos de la instituci\u00f3n castrense, para que asesoren y est\u00e9n a la orden del organismo legislativo en todo lo concerniente al referido proyecto de ley.<\/span><\/p>\n<p><span class=\"text1noticias\"> <\/span><\/p>\n<p><span class=\"text1noticias\">De su lado, Elpidio B\u00e1ez manifest\u00f3 el inter\u00e9s que tiene el presidente de la Rep\u00fablica, Leonel Fern\u00e1ndez, en el   Proyecto de Ley de Control y Regulaci\u00f3n de Armas de Fuego, dado el alto nivel de violencia y delincuencia que afecta al pa\u00eds.<\/span><\/p>\n<p><span class=\"text1noticias\"> <\/span><\/p>\n<p><span class=\"text1noticias\">Consider\u00f3 fundamental la opini\u00f3n del ministerio de las Fuerzas Armadas  para garantizar la seguridad ciudadana, ya que sus integrantes cuentan con la capacidad t\u00e9cnica, la disciplina y la experiencia sobre el tema.<\/span><\/p>\n<p><span class=\"text1noticias\"> <\/span><\/p>\n<p><span class=\"text1noticias\">?No vamos a aprobar una ley ideal porque ello no es posible pero s\u00ed la que m\u00e1s se aproxime a esto?, dijo el legislador.<\/span><\/p>\n<p><span class=\"text1noticias\"> <\/span><\/p>\n<p><span class=\"text1noticias\">Dijo que los niveles de delincuencia aceptables est\u00e1n entre cero y un 5%, mientras que en la Rep\u00fablica Dominicana est\u00e1n en un 23%, por lo que  el problema necesita urgente atenci\u00f3n.  <\/span><\/p>\n<p><span class=\"text1noticias\"> <\/span><\/p>\n<p><span class=\"text1noticias\">En tanto que el diputado El\u00edas Serrulle, presidente de la Comisi\u00f3n de Fuerzas Armadas, explic\u00f3 que el problema de las armas en las calles es muy grave, pero no favorece el desarme de la poblaci\u00f3n, porque los delincuentes siempre logran la forma de conseguirlas.<\/span><\/p>\n<p><span class=\"text1noticias\"> <\/span><\/p>\n<p><span class=\"text1noticias\">?Qu\u00e9 piensan ustedes que va a hacer un delincuente que se encuentra en la calle con un polic\u00eda que lo ha apresado y que anda solo y desarmado? dijo Serrulle.<\/span><\/p>\n<p><span class=\"text1noticias\"> <\/span><\/p>\n<p><span class=\"text1noticias\">Tambi\u00e9n plante\u00f3 la necesidad de que la C\u00e1mara de Diputados y el Ministerio de las Fuerzas Armadas, desarrollen una labor conjunta, para garantizar la seguridad a los ciudadanos.  <\/span><\/p>\n<p><span class=\"text1noticias\"> <\/span><\/p>\n<p><span class=\"text1noticias\">El ministro de las Fuerzas Armadas dijo que ?La delincuencia y la criminalidad tenemos que enfrentarla de manera conjunta los Poderes del Estado, como son ustedes los diputados?, manifest\u00f3 el ministro de las Fuerzas Armadas.<\/span><\/p>\n<p><span class=\"text1noticias\"> <\/span><\/p>\n<p><span class=\"text1noticias\">Explic\u00f3 que el fortalecimiento institucional es una realidad en el pa\u00eds, lo que queda demostrado en las excelentes relaciones que tiene la instituci\u00f3n con la C\u00e1mara de Diputados y el Senado, poderes del Estado que dijo  juegan roles fundamentales, en el sistema democr\u00e1tico nacional.<\/span><\/p>\n<p><span class=\"text1noticias\"> <\/span><\/p>\n<p><span class=\"text1noticias\">El teniente general Joaqu\u00edn Virgilio P\u00e9rez Feliz afirm\u00f3 que constituyen un desaf\u00edo el combate del crimen organizado y la delincuencia callejera.<\/span><\/p>\n<p><span class=\"text1noticias\"> <\/span><\/p>\n<p><span class=\"text1noticias\">Luego de la reuni\u00f3n, los diputados y miembros de las Fuerzas Armadas participaron en un seminario, en la sede la  instituci\u00f3n castrense, en donde fueron analizados los puntos m\u00e1s importantes a tomar en cuenta para el proyecto de ley.<\/span><\/p>\n<p><span class=\"text1noticias\"> <\/span><\/p>\n<p><span class=\"text1noticias\">Entre esos aspectos figuran ampliar  el tiempo de la vigencia de las licencias de cuatro (4) a\u00f1os para tenencia y dos (2) para portaci\u00f3n; adem\u00e1s un l\u00edmite de dos (2) licencias por persona f\u00edsica.<\/span><\/p>\n<p><span class=\"text1noticias\"> <\/span><\/p>\n<p><span class=\"text1noticias\">Tambi\u00e9n el manual de procedimientos para el manejo de armas, explosivos y qu\u00edmicos de las fuerzas armada<\/span>s.<\/p>\n<\/p>\n<h6> 2010-11-26 21:18:04 <\/h6>\n<p><!--\n<link rel=\"stylesheet\" href=\"css\/bootstrap.min.css\">\n\n\n<ul class=\"pagination\">\n\t    \n\t\n\n<li >\n\t<a href='?page_no=30424'>Previous<\/a>\n\t<\/li>\n\n\n       \n    \n\n<li><a href='?page_no=1'>1<\/a><\/li>\n\n\n\n<li><a href='?page_no=2'>2<\/a><\/li>\n\n\n\n<li><a>...<\/a><\/li>\n\n\n\n<li><a href='?page_no=30423'>30423<\/a><\/li>\n\n\n\n<li><a href='?page_no=30424'>30424<\/a><\/li>\n\n\n\n<li class='active'><a>30425<\/a><\/li>\n\n\n\n<li><a href='?page_no=30426'>30426<\/a><\/li>\n\n\n\n<li><a href='?page_no=30427'>30427<\/a><\/li>\n\n\n\n<li><a>...<\/a><\/li>\n\n\n\n<li><a href='?page_no=31963'>31963<\/a><\/li>\n\n\n\n<li><a href='?page_no=31964'>31964<\/a><\/li>\n\n    \n\t\n\n<li >\n\t<a href='?page_no=30426'>Next<\/a>\n\t<\/li>\n\n\n    \n\n<li><a href='?page_no=31964'>Last &rsaquo;&rsaquo;<\/a><\/li>\n\n<\/ul>\n\n\n--><br \/>\n<\/body><\/p>\n","protected":false},"excerpt":{"rendered":"<p>Santo Domingo.- Las Comisiones de Interior y Polic\u00eda y de Fuerzas Armadas de la C\u00e1mara de Diputados se reunieron con el ministro de las Fuerzas Armadas, con quien analizaron sobre el Proyecto de Ley de Control y Regulaci\u00f3n de Armas de Fuego, Municiones y otros Materiales Relacionados. El teniente general Joaqu\u00edn Virgilio P\u00e9rez Feliz recibi\u00f3 [&hellip;]<\/p>\n","protected":false},"author":3,"featured_media":0,"comment_status":"open","ping_status":"open","sticky":false,"template":"","format":"standard","meta":{"footnotes":""},"categories":[24],"tags":[],"class_list":["post-155257","post","type-post","status-publish","format-standard","hentry","category-justicia-y-derecho"],"_links":{"self":[{"href":"https:\/\/diariodominicano.com\/index.php?rest_route=\/wp\/v2\/posts\/155257","targetHints":{"allow":["GET"]}}],"collection":[{"href":"https:\/\/diariodominicano.com\/index.php?rest_route=\/wp\/v2\/posts"}],"about":[{"href":"https:\/\/diariodominicano.com\/index.php?rest_route=\/wp\/v2\/types\/post"}],"author":[{"embeddable":true,"href":"https:\/\/diariodominicano.com\/index.php?rest_route=\/wp\/v2\/users\/3"}],"replies":[{"embeddable":true,"href":"https:\/\/diariodominicano.com\/index.php?rest_route=%2Fwp%2Fv2%2Fcomments&post=155257"}],"version-history":[{"count":0,"href":"https:\/\/diariodominicano.com\/index.php?rest_route=\/wp\/v2\/posts\/155257\/revisions"}],"wp:attachment":[{"href":"https:\/\/diariodominicano.com\/index.php?rest_route=%2Fwp%2Fv2%2Fmedia&parent=155257"}],"wp:term":[{"taxonomy":"category","embeddable":true,"href":"https:\/\/diariodominicano.com\/index.php?rest_route=%2Fwp%2Fv2%2Fcategories&post=155257"},{"taxonomy":"post_tag","embeddable":true,"href":"https:\/\/diariodominicano.com\/index.php?rest_route=%2Fwp%2Fv2%2Ftags&post=155257"}],"curies":[{"name":"wp","href":"https:\/\/api.w.org\/{rel}","templated":true}]}}