{"id":155256,"date":"2010-11-26T21:44:50","date_gmt":"2010-11-26T21:44:50","guid":{"rendered":"http:\/\/diariodominicano.ddns.net\/?p=155256"},"modified":"2010-11-26T21:44:50","modified_gmt":"2010-11-26T21:44:50","slug":"sociedad-dominicana-de-gastroenterologia-llama-a-apoyar-a-salud-publica-en-lucha-contra-colera-pide-no-subestimar-el-brote","status":"publish","type":"post","link":"https:\/\/diariodominicano.com\/?p=155256","title":{"rendered":"Sociedad Dominicana de Gastroenterolog\u00eda llama a apoyar a Salud P\u00fablica en lucha contra c\u00f3lera; pide no subestimar el brote"},"content":{"rendered":"<p><body><\/p>\n<\/p>\n<p><span class=\"text1noticias\"> <\/span><\/p>\n<\/p>\n<p><span class=\"text1noticias\">SANTO DOMINGO.- La Sociedad Dominicana de Gastroenterolog\u00eda pidi\u00f3 a la poblaci\u00f3n cooperar con las autoridades del Ministerio de Salud P\u00fablica en la campa\u00f1a contra el c\u00f3lera, al tiempo que advirti\u00f3 que no se puede subestimar el brote surgido en Hait\u00ed.<\/span><\/p>\n<\/p>\n<p><span class=\"text1noticias\">Asimismo, llam\u00f3 a los ciudadanos y ciudadanas tomar las medidas de higiene necesarias y educar a familiares y vecinos sobre las medidas preventivas, para evitar el contagio de la bacteria que causa la enfermedad.<\/span><\/p>\n<\/p>\n<p><span class=\"text1noticias\">El doctor Plinio Maceo, presidente de la entidad, revel\u00f3 que varias sociedades m\u00e9dicas especializadas han sostenido reuniones en busca de dar una respuesta conjunta al problema.<\/span><\/p>\n<\/p>\n<p><span class=\"text1noticias\">Anunci\u00f3 que la Sociedad de Gastroenterolog\u00eda se suma a la lucha contra el c\u00f3lera y pide a todos los organismos y fuerzas vivas del pa\u00eds a unir sus fuerzas en un proyecto nacional contra la enfermedad.<\/span><\/p>\n<\/p>\n<p><span class=\"text1noticias\">Agreg\u00f3 que la poblaci\u00f3n puede apoyar a las autoridades tomando las medidas de lugar, entre \u00e9stas llevarse los dedos a la boca, cocer bien los alimentos, lavarse las manos frecuentemente, lavar bien las frutas y vegetales con cloro antes del consumo y evitar el contacto sin guantes con \u00e1reas contaminadas por heces y v\u00f3mitos de pacientes.<\/span><\/p>\n<\/p>\n<p><span class=\"text1noticias\">Dijo que el ciudadano o ciudadana que detecte a una persona con diarrea, v\u00f3mitos y c\u00f3licos, ?debe hidratarlo bien, darle mucho l\u00edquido por v\u00eda oral?.<\/span><\/p>\n<\/p>\n<p><span class=\"text1noticias\">Esa medida debe tomarse en lo que se comunica con una de las l\u00edneas telef\u00f3nicas habilitadas por el Centro de Operaciones de Emergencias (COEA), destinadas a los casos de pacientes con c\u00f3lera, o ponerse en contacto con el m\u00e9dico de cabecera.<\/span><\/p>\n<\/p>\n<p><span class=\"text1noticias\">?Exhortamos a todos los gastroenter\u00f3logos y dem\u00e1s colegas, aunar esfuerzos para llevar este proyecto de pa\u00eds a favor de la prevenci\u00f3n del c\u00f3lera?, coment\u00f3 el doctor Maceo.<\/span><\/p>\n<\/p>\n<h6> 2010-11-26 21:44:50 <\/h6>\n<p><!--\n<link rel=\"stylesheet\" href=\"css\/bootstrap.min.css\">\n\n\n<ul class=\"pagination\">\n\t    \n\t\n\n<li >\n\t<a href='?page_no=30423'>Previous<\/a>\n\t<\/li>\n\n\n       \n    \n\n<li><a href='?page_no=1'>1<\/a><\/li>\n\n\n\n<li><a href='?page_no=2'>2<\/a><\/li>\n\n\n\n<li><a>...<\/a><\/li>\n\n\n\n<li><a href='?page_no=30422'>30422<\/a><\/li>\n\n\n\n<li><a href='?page_no=30423'>30423<\/a><\/li>\n\n\n\n<li class='active'><a>30424<\/a><\/li>\n\n\n\n<li><a href='?page_no=30425'>30425<\/a><\/li>\n\n\n\n<li><a href='?page_no=30426'>30426<\/a><\/li>\n\n\n\n<li><a>...<\/a><\/li>\n\n\n\n<li><a href='?page_no=31963'>31963<\/a><\/li>\n\n\n\n<li><a href='?page_no=31964'>31964<\/a><\/li>\n\n    \n\t\n\n<li >\n\t<a href='?page_no=30425'>Next<\/a>\n\t<\/li>\n\n\n    \n\n<li><a href='?page_no=31964'>Last &rsaquo;&rsaquo;<\/a><\/li>\n\n<\/ul>\n\n\n--><br \/>\n<\/body><\/p>\n","protected":false},"excerpt":{"rendered":"<p>SANTO DOMINGO.- La Sociedad Dominicana de Gastroenterolog\u00eda pidi\u00f3 a la poblaci\u00f3n cooperar con las autoridades del Ministerio de Salud P\u00fablica en la campa\u00f1a contra el c\u00f3lera, al tiempo que advirti\u00f3 que no se puede subestimar el brote surgido en Hait\u00ed. Asimismo, llam\u00f3 a los ciudadanos y ciudadanas tomar las medidas de higiene necesarias y educar [&hellip;]<\/p>\n","protected":false},"author":3,"featured_media":0,"comment_status":"open","ping_status":"open","sticky":false,"template":"","format":"standard","meta":{"footnotes":""},"categories":[24],"tags":[],"class_list":["post-155256","post","type-post","status-publish","format-standard","hentry","category-justicia-y-derecho"],"_links":{"self":[{"href":"https:\/\/diariodominicano.com\/index.php?rest_route=\/wp\/v2\/posts\/155256","targetHints":{"allow":["GET"]}}],"collection":[{"href":"https:\/\/diariodominicano.com\/index.php?rest_route=\/wp\/v2\/posts"}],"about":[{"href":"https:\/\/diariodominicano.com\/index.php?rest_route=\/wp\/v2\/types\/post"}],"author":[{"embeddable":true,"href":"https:\/\/diariodominicano.com\/index.php?rest_route=\/wp\/v2\/users\/3"}],"replies":[{"embeddable":true,"href":"https:\/\/diariodominicano.com\/index.php?rest_route=%2Fwp%2Fv2%2Fcomments&post=155256"}],"version-history":[{"count":0,"href":"https:\/\/diariodominicano.com\/index.php?rest_route=\/wp\/v2\/posts\/155256\/revisions"}],"wp:attachment":[{"href":"https:\/\/diariodominicano.com\/index.php?rest_route=%2Fwp%2Fv2%2Fmedia&parent=155256"}],"wp:term":[{"taxonomy":"category","embeddable":true,"href":"https:\/\/diariodominicano.com\/index.php?rest_route=%2Fwp%2Fv2%2Fcategories&post=155256"},{"taxonomy":"post_tag","embeddable":true,"href":"https:\/\/diariodominicano.com\/index.php?rest_route=%2Fwp%2Fv2%2Ftags&post=155256"}],"curies":[{"name":"wp","href":"https:\/\/api.w.org\/{rel}","templated":true}]}}