{"id":155255,"date":"2010-11-26T21:54:44","date_gmt":"2010-11-26T21:54:44","guid":{"rendered":"http:\/\/diariodominicano.ddns.net\/?p=155255"},"modified":"2010-11-26T21:54:44","modified_gmt":"2010-11-26T21:54:44","slug":"amet-arresta-conductores-con-marbetes-falsos","status":"publish","type":"post","link":"https:\/\/diariodominicano.com\/?p=155255","title":{"rendered":"AMET arresta conductores  con marbetes falsos"},"content":{"rendered":"<p><body><\/p>\n<\/p>\n<p><span class=\"text1noticias\">Santo Domingo.- La autoridad Metropolitana del Transporte (AMET) arrest\u00f3 a varios conductores que circulaban por la zona oriental de la ciudad en veh\u00edculos con marbetes falsos, lo que est\u00e1 penalizado por la Ley.<\/span><\/p>\n<\/p>\n<p><span class=\"text1noticias\">De seis detenidos<\/span><\/p>\n<\/p>\n<p><span class=\"text1noticias\"> Tres de los ch\u00f3feres  fueron identificados y remitidos al Departamento de Falsificaciones  de la Polic\u00eda Nacional para ser sometidos a la Justicia. Se trata de Vladimir Aybar, Celestino Morillo y Rafael Leonidas Abreu.<\/span><\/p>\n<\/p>\n<p><span class=\"text1noticias\"> El director de la AMET, mayor general  Jos\u00e9 An\u00edbal Sanz Jimini\u00e1n, formul\u00f3 un llamado a los conductores y propietarios de veh\u00edculos ?para que no se dejen sorprender por personas inescrupulosas? que est\u00e1n ofertando marbetes falsos.<\/span><\/p>\n<\/p>\n<p><span class=\"text1noticias\">El uso de documentos p\u00fablicos falsos est\u00e1 previsto y sancionado por el C\u00f3digo Procesal Penal vigente.<\/span><\/p>\n<p><span class=\"text1noticias\">Advirti\u00f3 que quienes utilicen marbetes falsos ser\u00e1n sometidos a la acci\u00f3n judicial, como tambi\u00e9n los vendedores y los propietarios de imprentas donde se realicen las falsificaciones.<\/span><\/p>\n<\/p>\n<p><span class=\"text1noticias\">A\u00f1adi\u00f3 que ?el hecho de que una persona oferte un marbete a mitad de precio, indica que es falsificado. El uso de marbetes falsos puede dar lugar al encubrimiento de veh\u00edculos robados, lo que tambi\u00e9n es un delito?.<\/span><\/p>\n<\/p>\n<p><span class=\"text1noticias\">La AMET mantiene su operativo a nivel nacional para detectar veh\u00edculos que circulan sin el marbete o placa, lo que est\u00e1 penalizado por la Ley de Tr\u00e1nsito. Hasta hoy en la ma\u00f1ana hab\u00edan sido retenidos 3,052 veh\u00edculos por carecer del marbete.<\/span><\/p>\n<\/p>\n<p><span class=\"text1noticias\">La Direcci\u00f3n General de Impuestos Internos (DGII) otorg\u00f3 un plazo de tres meses para que los interesados adquirieran sus marbetes, pero miles no lo hicieron. El plazo venci\u00f3 el pasado d\u00eda veinte, de manera que ahora quienes adquieran el documento deber\u00e1n pagar un recargo adicional de RD$600.00.<\/span><\/p>\n<\/p>\n<h6> 2010-11-26 21:54:44 <\/h6>\n<p><!--\n<link rel=\"stylesheet\" href=\"css\/bootstrap.min.css\">\n\n\n<ul class=\"pagination\">\n\t    \n\t\n\n<li >\n\t<a href='?page_no=30422'>Previous<\/a>\n\t<\/li>\n\n\n       \n    \n\n<li><a href='?page_no=1'>1<\/a><\/li>\n\n\n\n<li><a href='?page_no=2'>2<\/a><\/li>\n\n\n\n<li><a>...<\/a><\/li>\n\n\n\n<li><a href='?page_no=30421'>30421<\/a><\/li>\n\n\n\n<li><a href='?page_no=30422'>30422<\/a><\/li>\n\n\n\n<li class='active'><a>30423<\/a><\/li>\n\n\n\n<li><a href='?page_no=30424'>30424<\/a><\/li>\n\n\n\n<li><a href='?page_no=30425'>30425<\/a><\/li>\n\n\n\n<li><a>...<\/a><\/li>\n\n\n\n<li><a href='?page_no=31963'>31963<\/a><\/li>\n\n\n\n<li><a href='?page_no=31964'>31964<\/a><\/li>\n\n    \n\t\n\n<li >\n\t<a href='?page_no=30424'>Next<\/a>\n\t<\/li>\n\n\n    \n\n<li><a href='?page_no=31964'>Last &rsaquo;&rsaquo;<\/a><\/li>\n\n<\/ul>\n\n\n--><br \/>\n<\/body><\/p>\n","protected":false},"excerpt":{"rendered":"<p>Santo Domingo.- La autoridad Metropolitana del Transporte (AMET) arrest\u00f3 a varios conductores que circulaban por la zona oriental de la ciudad en veh\u00edculos con marbetes falsos, lo que est\u00e1 penalizado por la Ley. De seis detenidos Tres de los ch\u00f3feres fueron identificados y remitidos al Departamento de Falsificaciones de la Polic\u00eda Nacional para ser sometidos [&hellip;]<\/p>\n","protected":false},"author":3,"featured_media":0,"comment_status":"open","ping_status":"open","sticky":false,"template":"","format":"standard","meta":{"footnotes":""},"categories":[24],"tags":[],"class_list":["post-155255","post","type-post","status-publish","format-standard","hentry","category-justicia-y-derecho"],"_links":{"self":[{"href":"https:\/\/diariodominicano.com\/index.php?rest_route=\/wp\/v2\/posts\/155255","targetHints":{"allow":["GET"]}}],"collection":[{"href":"https:\/\/diariodominicano.com\/index.php?rest_route=\/wp\/v2\/posts"}],"about":[{"href":"https:\/\/diariodominicano.com\/index.php?rest_route=\/wp\/v2\/types\/post"}],"author":[{"embeddable":true,"href":"https:\/\/diariodominicano.com\/index.php?rest_route=\/wp\/v2\/users\/3"}],"replies":[{"embeddable":true,"href":"https:\/\/diariodominicano.com\/index.php?rest_route=%2Fwp%2Fv2%2Fcomments&post=155255"}],"version-history":[{"count":0,"href":"https:\/\/diariodominicano.com\/index.php?rest_route=\/wp\/v2\/posts\/155255\/revisions"}],"wp:attachment":[{"href":"https:\/\/diariodominicano.com\/index.php?rest_route=%2Fwp%2Fv2%2Fmedia&parent=155255"}],"wp:term":[{"taxonomy":"category","embeddable":true,"href":"https:\/\/diariodominicano.com\/index.php?rest_route=%2Fwp%2Fv2%2Fcategories&post=155255"},{"taxonomy":"post_tag","embeddable":true,"href":"https:\/\/diariodominicano.com\/index.php?rest_route=%2Fwp%2Fv2%2Ftags&post=155255"}],"curies":[{"name":"wp","href":"https:\/\/api.w.org\/{rel}","templated":true}]}}