{"id":155254,"date":"2010-11-26T22:00:44","date_gmt":"2010-11-26T22:00:44","guid":{"rendered":"http:\/\/diariodominicano.ddns.net\/?p=155254"},"modified":"2010-11-26T22:00:44","modified_gmt":"2010-11-26T22:00:44","slug":"hipolito-sera-dado-de-alta-este-sabado","status":"publish","type":"post","link":"https:\/\/diariodominicano.com\/?p=155254","title":{"rendered":"Hip\u00f2lito ser\u00e0 dado de alta este s\u00e0bado"},"content":{"rendered":"<p><body><\/p>\n<p><img decoding=\"async\" src=\"http:\/\/localhost:8080\/justiciayderecho\/img3\/hipolito hospital.jpg\" \/>  <\/p>\n<\/p>\n<p><span class=\"text1noticias\">Santo Domingo.-El ex presidente Hip\u00f3lito Mej\u00eda ser\u00eda dado de alta este s\u00e1bado, tras practic\u00e1rsele una biopsia que no arroj\u00f3 resultados malignos en la parte de su gl\u00e1ndula prost\u00e1tica que fue extirpada el pasado martes 23 de noviembre.  <\/span><\/p>\n<\/p>\n<p><span class=\"text1noticias\">El vocero oficial de Mej\u00eda, H\u00e9ctor Guzm\u00e1n, se\u00f1al\u00f3 que solo el ex mandatario y el presidente Leonel Fern\u00e1ndez saben los temas tratados en su conversaci\u00f3n de diez minutos a puerta cerrada el pasado jueves en la habitaci\u00f3n donde se recupera Mej\u00eda.<\/span><\/p>\n<\/p>\n<p><span class=\"text1noticias\">Manifest\u00f3 que de igual forma, el ex mandatario convers\u00f3 a solas con el presidente del Partido Revolucionario Dominicano (PRD), Miguel Vargas, por unos 40 minutos el pasado jueves cuando fue a visitarle.<\/span><\/p>\n<\/p>\n<p><span class=\"text1noticias\">Guzm\u00e1n explic\u00f3 que el tiempo de reposo que recomiendan los m\u00e9dicos es de dos semanas, por lo que el precandidato presidencial del PRD saldr\u00eda a sus actividades en los primeros 10 d\u00edas del mes de diciembre.   <\/span><\/p>\n<\/p>\n<p><span class=\"text1noticias\">Sostuvo que el equipo de Mej\u00eda se mantiene recibiendo delegaciones de diferentes puntos del pa\u00eds y le rindi\u00f3 un informe al ex mandatario sobre el consenso que se est\u00e1 buscando para completar la comisi\u00f3n organizadora de la convenci\u00f3n.  <\/span><\/p>\n<\/p>\n<p><span class=\"text1noticias\">El ur\u00f3logo Octavio Cruz Pineda inform\u00f3 en su parte m\u00e9dico que el estado de salud del ex mandatario est\u00e1 actualmente en franco proceso de recuperaci\u00f3n.<\/span><\/p>\n<\/p>\n<p><span class=\"text1noticias\">Guzm\u00e1n resalt\u00f3 que el dirigente pol\u00edtico est\u00e1 cl\u00ednicamente con buen estado general y que cuando se recupere totalmente saldr\u00e1 a la calle a reanudar su proselitismo con m\u00e1s energ\u00edas, porque a decir del mandatario ya no tiene las molestias de la inflamaci\u00f3n prost\u00e1tica.  <\/span><\/p>\n<\/p>\n<p><span class=\"text1noticias\"> ?Anal\u00edticas y pruebas de rutina son normales, presenta buen aspecto, ha dormido bien y se inicia proceso de activaci\u00f3n  para preparar su alta hospitalaria dentro de las pr\u00f3ximas 24 horas?, indica el parte m\u00e9dico correspondiente al viernes 26  de noviembre.<\/span><\/p>\n<\/p>\n<p><span class=\"text1noticias\">Fue dado a conocer el reporte Anatomo Patol\u00f3gico de fecha 25 de noviembre del 2010, realizado a Mej\u00eda en el Departamento de Anatom\u00eda- Patol\u00f3gica del Centro de Diagn\u00f3stico y Medicina Avanzada y de Conferencias M\u00e9dicas y Telemedicina (Cedimat), firmado por el m\u00e9dico pat\u00f3logo Jean Pierre Kourie R.<\/span><\/p>\n<p><span class=\"text1noticias\"> <\/span><\/p>\n<p><span class=\"text1noticias\">El diagn\u00f3stico refleja hiperplasia nodular prost\u00e1tica con prostatitis cr\u00f3nica moderada con ausencia de signo histol\u00f3gico de malignidad.<\/span><\/p>\n<\/p>\n<h6> 2010-11-26 22:00:44 <\/h6>\n<p><!--\n<link rel=\"stylesheet\" href=\"css\/bootstrap.min.css\">\n\n\n<ul class=\"pagination\">\n\t    \n\t\n\n<li >\n\t<a href='?page_no=30421'>Previous<\/a>\n\t<\/li>\n\n\n       \n    \n\n<li><a href='?page_no=1'>1<\/a><\/li>\n\n\n\n<li><a href='?page_no=2'>2<\/a><\/li>\n\n\n\n<li><a>...<\/a><\/li>\n\n\n\n<li><a href='?page_no=30420'>30420<\/a><\/li>\n\n\n\n<li><a href='?page_no=30421'>30421<\/a><\/li>\n\n\n\n<li class='active'><a>30422<\/a><\/li>\n\n\n\n<li><a href='?page_no=30423'>30423<\/a><\/li>\n\n\n\n<li><a href='?page_no=30424'>30424<\/a><\/li>\n\n\n\n<li><a>...<\/a><\/li>\n\n\n\n<li><a href='?page_no=31963'>31963<\/a><\/li>\n\n\n\n<li><a href='?page_no=31964'>31964<\/a><\/li>\n\n    \n\t\n\n<li >\n\t<a href='?page_no=30423'>Next<\/a>\n\t<\/li>\n\n\n    \n\n<li><a href='?page_no=31964'>Last &rsaquo;&rsaquo;<\/a><\/li>\n\n<\/ul>\n\n\n--><br \/>\n<\/body><\/p>\n","protected":false},"excerpt":{"rendered":"<p>Santo Domingo.-El ex presidente Hip\u00f3lito Mej\u00eda ser\u00eda dado de alta este s\u00e1bado, tras practic\u00e1rsele una biopsia que no arroj\u00f3 resultados malignos en la parte de su gl\u00e1ndula prost\u00e1tica que fue extirpada el pasado martes 23 de noviembre. El vocero oficial de Mej\u00eda, H\u00e9ctor Guzm\u00e1n, se\u00f1al\u00f3 que solo el ex mandatario y el presidente Leonel Fern\u00e1ndez [&hellip;]<\/p>\n","protected":false},"author":3,"featured_media":0,"comment_status":"open","ping_status":"open","sticky":false,"template":"","format":"standard","meta":{"footnotes":""},"categories":[24],"tags":[],"class_list":["post-155254","post","type-post","status-publish","format-standard","hentry","category-justicia-y-derecho"],"_links":{"self":[{"href":"https:\/\/diariodominicano.com\/index.php?rest_route=\/wp\/v2\/posts\/155254","targetHints":{"allow":["GET"]}}],"collection":[{"href":"https:\/\/diariodominicano.com\/index.php?rest_route=\/wp\/v2\/posts"}],"about":[{"href":"https:\/\/diariodominicano.com\/index.php?rest_route=\/wp\/v2\/types\/post"}],"author":[{"embeddable":true,"href":"https:\/\/diariodominicano.com\/index.php?rest_route=\/wp\/v2\/users\/3"}],"replies":[{"embeddable":true,"href":"https:\/\/diariodominicano.com\/index.php?rest_route=%2Fwp%2Fv2%2Fcomments&post=155254"}],"version-history":[{"count":0,"href":"https:\/\/diariodominicano.com\/index.php?rest_route=\/wp\/v2\/posts\/155254\/revisions"}],"wp:attachment":[{"href":"https:\/\/diariodominicano.com\/index.php?rest_route=%2Fwp%2Fv2%2Fmedia&parent=155254"}],"wp:term":[{"taxonomy":"category","embeddable":true,"href":"https:\/\/diariodominicano.com\/index.php?rest_route=%2Fwp%2Fv2%2Fcategories&post=155254"},{"taxonomy":"post_tag","embeddable":true,"href":"https:\/\/diariodominicano.com\/index.php?rest_route=%2Fwp%2Fv2%2Ftags&post=155254"}],"curies":[{"name":"wp","href":"https:\/\/api.w.org\/{rel}","templated":true}]}}