{"id":155252,"date":"2010-11-26T22:11:15","date_gmt":"2010-11-26T22:11:15","guid":{"rendered":"http:\/\/diariodominicano.ddns.net\/?p=155252"},"modified":"2010-11-26T22:11:15","modified_gmt":"2010-11-26T22:11:15","slug":"jefe-pn-promete-se-aumentara-patrullaje-en-navidad","status":"publish","type":"post","link":"https:\/\/diariodominicano.com\/?p=155252","title":{"rendered":"Jefe PN promete se aumentar\u00e0 patrullaje en Navidad"},"content":{"rendered":"<p><body><\/p>\n<\/p>\n<p><span class=\"text1noticias\">Santo Domingo.-El jefe de la Polic\u00eda, mayor general Jos\u00e9 Armando Polanco G\u00f3mez, anunci\u00f3 que el patrullaje policial ser\u00e1 incrementado en los pr\u00f3ximos d\u00edas para garantizar la seguridad en las navidades.<\/span><\/p>\n<\/p>\n<p><span class=\"text1noticias\">Explic\u00f3 que el aumento del patrullaje durante la Navidad se realizar\u00e1 de forma simult\u00e1nea en todo do el pa\u00eds, pero que la vigilancia ser\u00e1 mayor pr\u00f3ximo a los centros comerciales y entidades bancarias.<\/span><\/p>\n<\/p>\n<p><span class=\"text1noticias\">Garantiz\u00f3 que la Polic\u00eda Preventiva trabaja para evitar la ocurrencia de cr\u00edmenes y delitos durante las festividades.<\/span><\/p>\n<\/p>\n<p><span class=\"text1noticias\">?Hay miles de agentes que est\u00e1n patrullando y se va a aumentar, hay algunos polic\u00edas que est\u00e1n en el per\u00edodo de entrenamiento, pero que ya tienen varios meses y que tradicionalmente en diciembre tambi\u00e9n se suman a ese patrullaje, y ellos formar\u00e1n parte de lo que ser\u00e1 ese fortalecimiento de la Polic\u00eda Preventiva?, dijo Polanco G\u00f3mez.<\/span><\/p>\n<\/p>\n<p><span class=\"text1noticias\">E jefe policial inform\u00f3 tambi\u00e9n que profundizan las investigaciones sobre la agresi\u00f3n al Patronato de Mujeres Agredidas.<\/span><\/p>\n<\/p>\n<p><span class=\"text1noticias\">Polanco G\u00f3mez habl\u00f3 durante un recorrido por el sector 27 de Febrero para reunirse con dirigentes comunitarios.<\/span><\/p>\n<h6> 2010-11-26 22:11:15 <\/h6>\n<p><!--\n<link rel=\"stylesheet\" href=\"css\/bootstrap.min.css\">\n\n\n<ul class=\"pagination\">\n\t    \n\t\n\n<li >\n\t<a href='?page_no=30419'>Previous<\/a>\n\t<\/li>\n\n\n       \n    \n\n<li><a href='?page_no=1'>1<\/a><\/li>\n\n\n\n<li><a href='?page_no=2'>2<\/a><\/li>\n\n\n\n<li><a>...<\/a><\/li>\n\n\n\n<li><a href='?page_no=30418'>30418<\/a><\/li>\n\n\n\n<li><a href='?page_no=30419'>30419<\/a><\/li>\n\n\n\n<li class='active'><a>30420<\/a><\/li>\n\n\n\n<li><a href='?page_no=30421'>30421<\/a><\/li>\n\n\n\n<li><a href='?page_no=30422'>30422<\/a><\/li>\n\n\n\n<li><a>...<\/a><\/li>\n\n\n\n<li><a href='?page_no=31963'>31963<\/a><\/li>\n\n\n\n<li><a href='?page_no=31964'>31964<\/a><\/li>\n\n    \n\t\n\n<li >\n\t<a href='?page_no=30421'>Next<\/a>\n\t<\/li>\n\n\n    \n\n<li><a href='?page_no=31964'>Last &rsaquo;&rsaquo;<\/a><\/li>\n\n<\/ul>\n\n\n--><br \/>\n<\/body><\/p>\n","protected":false},"excerpt":{"rendered":"<p>Santo Domingo.-El jefe de la Polic\u00eda, mayor general Jos\u00e9 Armando Polanco G\u00f3mez, anunci\u00f3 que el patrullaje policial ser\u00e1 incrementado en los pr\u00f3ximos d\u00edas para garantizar la seguridad en las navidades. Explic\u00f3 que el aumento del patrullaje durante la Navidad se realizar\u00e1 de forma simult\u00e1nea en todo do el pa\u00eds, pero que la vigilancia ser\u00e1 mayor [&hellip;]<\/p>\n","protected":false},"author":3,"featured_media":0,"comment_status":"open","ping_status":"open","sticky":false,"template":"","format":"standard","meta":{"footnotes":""},"categories":[24],"tags":[],"class_list":["post-155252","post","type-post","status-publish","format-standard","hentry","category-justicia-y-derecho"],"_links":{"self":[{"href":"https:\/\/diariodominicano.com\/index.php?rest_route=\/wp\/v2\/posts\/155252","targetHints":{"allow":["GET"]}}],"collection":[{"href":"https:\/\/diariodominicano.com\/index.php?rest_route=\/wp\/v2\/posts"}],"about":[{"href":"https:\/\/diariodominicano.com\/index.php?rest_route=\/wp\/v2\/types\/post"}],"author":[{"embeddable":true,"href":"https:\/\/diariodominicano.com\/index.php?rest_route=\/wp\/v2\/users\/3"}],"replies":[{"embeddable":true,"href":"https:\/\/diariodominicano.com\/index.php?rest_route=%2Fwp%2Fv2%2Fcomments&post=155252"}],"version-history":[{"count":0,"href":"https:\/\/diariodominicano.com\/index.php?rest_route=\/wp\/v2\/posts\/155252\/revisions"}],"wp:attachment":[{"href":"https:\/\/diariodominicano.com\/index.php?rest_route=%2Fwp%2Fv2%2Fmedia&parent=155252"}],"wp:term":[{"taxonomy":"category","embeddable":true,"href":"https:\/\/diariodominicano.com\/index.php?rest_route=%2Fwp%2Fv2%2Fcategories&post=155252"},{"taxonomy":"post_tag","embeddable":true,"href":"https:\/\/diariodominicano.com\/index.php?rest_route=%2Fwp%2Fv2%2Ftags&post=155252"}],"curies":[{"name":"wp","href":"https:\/\/api.w.org\/{rel}","templated":true}]}}