{"id":155251,"date":"2010-11-26T22:15:44","date_gmt":"2010-11-26T22:15:44","guid":{"rendered":"http:\/\/diariodominicano.ddns.net\/?p=155251"},"modified":"2010-11-26T22:15:44","modified_gmt":"2010-11-26T22:15:44","slug":"morales-urge-reunion-de-alba-por-complot-de-eeuu-contra-chavez","status":"publish","type":"post","link":"https:\/\/diariodominicano.com\/?p=155251","title":{"rendered":"Morales urge reuni\u00f3n de Alba por complot de EEUU contra Ch\u00e1vez"},"content":{"rendered":"<p><body><\/p>\n<p><strong><span class=\"text1noticias\">   LA PAZ, 26 nov (Xinhua) &#8212; <\/span><\/strong><span class=\"text1noticias\">El presidente boliviano Evo Morales inform\u00f3 hoy que ha solicitado al presidente venezolano, Hugo Ch\u00e1vez, convocar una reuni\u00f3n de emergencia de la Alianza Bolivariana para los Pueblos de Nuestra Am\u00e9rica (Alba), ante una presunta conspiraci\u00f3n estadounidense. <\/span><\/p>\n<\/p>\n<p><span class=\"text1noticias\">   \u00abLe propuse a Ch\u00e1vez una reuni\u00f3n urgente del Alba, ser\u00eda bueno este fin de a\u00f1o en La Habana o en Caracas, pero la v\u00edctima ahora es Caracas, es Venezuela, es el compa\u00f1ero Ch\u00e1vez, es el gobierno, el pueblo venezolano\u00bb, afirm\u00f3 en conferencia de prensa en la residencia presidencial. <\/span><\/p>\n<\/p>\n<p><span class=\"text1noticias\">   Seg\u00fan Morales, se prev\u00e9 que el encuentro tenga lugar a fines de diciembre o principios de enero. <\/span><\/p>\n<p><span class=\"text1noticias\">   \u00abDepender\u00e1 de la coordinaci\u00f3n de fechas, en diciembre o enero, para la realizaci\u00f3n de la Cumbre Emergencia del Alba porque fueron programadas reuniones presidenciales de diversos mecanismos de integraci\u00f3n en Latinoam\u00e9rica, como son las anunciadas por el Mercado Com\u00fan del Sur (Mercosur), la Uni\u00f3n de Naciones Suramericanas (Unasur) y la Cumbre Iberoamericana\u00bb, detall\u00f3. <\/span><\/p>\n<\/p>\n<p><span class=\"text1noticias\">   Morales revel\u00f3 a la prensa que la noche del jueves se contact\u00f3 con Ch\u00e1vez y le plante\u00f3 convocar a una reuni\u00f3n de urgencia al organismo subregional. <\/span><\/p>\n<\/p>\n<p><span class=\"text1noticias\">   Morales se refiri\u00f3 nuevamente al llamado de legisladores estadounidenses para aumentar la presi\u00f3n sobre Venezuela y sus aliados del Alba. <\/span><\/p>\n<\/p>\n<p><span class=\"text1noticias\">   El mandatario ind\u00edgena record\u00f3 las palabras de la congresista republicana Ileana Ros-Lehtinen quien declar\u00f3 el mi\u00e9rcoles pasado que su pa\u00eds apoya a los venezolanos que buscan \u00abrescatar la democracia de las garras de Hugo Ch\u00e1vez\u00bb. <\/span><\/p>\n<\/p>\n<p><span class=\"text1noticias\">   \u00abCuando nos organizamos en el Alba y va creciendo, el imperio se asusta e intenta golpes de Estado, como Bolivia en 2008, Honduras en 2009 o Ecuador en 2010\u00bb, reiter\u00f3 Morales. <\/span><\/p>\n<\/p>\n<p><span class=\"text1noticias\">   Adem\u00e1s dijo que los mayores ataques de la ultraderecha estadounidense han sido lanzados contra el gobierno del presidente Hugo Ch\u00e1vez y el pueblo venezolano. <\/span><\/p>\n<\/p>\n<p><span class=\"text1noticias\">   El dignatario ind\u00edgena lament\u00f3 que Estados Unidos se levante en armas contra los pueblos en forma violenta como lo hizo en Irak y Afganist\u00e1n, y env\u00ede tropas militares a Colombia, bajo el pretexto de ayudar en la lucha contra el narcotr\u00e1fico y el terrorismo. <\/span><\/p>\n<\/p>\n<p><span class=\"text1noticias\">   Para Morales, la estrategia de la pol\u00edtica estadounidense es saquear los recursos naturales e implantar una pol\u00edtica hegem\u00f3nica en la regi\u00f3n. <\/span><\/p>\n<\/p>\n<p><span class=\"text1noticias\">   El presidente boliviano insisti\u00f3 en acusar al gobierno del norte de ejecutar una nueva doctrina pol\u00edtica \u00abantiAlba\u00bb destinada a enfrentar a administraciones que encaran procesos revolucionarios. <\/span><\/p>\n<\/p>\n<p><span class=\"text1noticias\">   \u00abEn la reuni\u00f3n que la semana pasada mantuvieron grupos de ultraderecha en Estados Unidos, se observa que la nueva doctrina del Departamento de Estado de Estados Unidos es antiAlba y buscan hacernos da\u00f1o\u00bb, asegur\u00f3. <\/span><\/p>\n<\/p>\n<p><span class=\"text1noticias\">   El dignatario izquierdista dijo que esa estrategia pol\u00edtica estadounidense est\u00e1 dirigida a desestabilizar a pa\u00edses del Alba integrada por Bolivia, Antigua y Barbuda, Cuba, Dominica, Ecuador, Nicaragua, San Vicente y Granadinas, y Venezuela.<\/span> Fin<\/p>\n<h6> 2010-11-26 22:15:44 <\/h6>\n<p><!--\n<link rel=\"stylesheet\" href=\"css\/bootstrap.min.css\">\n\n\n<ul class=\"pagination\">\n\t    \n\t\n\n<li >\n\t<a href='?page_no=30418'>Previous<\/a>\n\t<\/li>\n\n\n       \n    \n\n<li><a href='?page_no=1'>1<\/a><\/li>\n\n\n\n<li><a href='?page_no=2'>2<\/a><\/li>\n\n\n\n<li><a>...<\/a><\/li>\n\n\n\n<li><a href='?page_no=30417'>30417<\/a><\/li>\n\n\n\n<li><a href='?page_no=30418'>30418<\/a><\/li>\n\n\n\n<li class='active'><a>30419<\/a><\/li>\n\n\n\n<li><a href='?page_no=30420'>30420<\/a><\/li>\n\n\n\n<li><a href='?page_no=30421'>30421<\/a><\/li>\n\n\n\n<li><a>...<\/a><\/li>\n\n\n\n<li><a href='?page_no=31963'>31963<\/a><\/li>\n\n\n\n<li><a href='?page_no=31964'>31964<\/a><\/li>\n\n    \n\t\n\n<li >\n\t<a href='?page_no=30420'>Next<\/a>\n\t<\/li>\n\n\n    \n\n<li><a href='?page_no=31964'>Last &rsaquo;&rsaquo;<\/a><\/li>\n\n<\/ul>\n\n\n--><br \/>\n<\/body><\/p>\n","protected":false},"excerpt":{"rendered":"<p>LA PAZ, 26 nov (Xinhua) &#8212; El presidente boliviano Evo Morales inform\u00f3 hoy que ha solicitado al presidente venezolano, Hugo Ch\u00e1vez, convocar una reuni\u00f3n de emergencia de la Alianza Bolivariana para los Pueblos de Nuestra Am\u00e9rica (Alba), ante una presunta conspiraci\u00f3n estadounidense. \u00abLe propuse a Ch\u00e1vez una reuni\u00f3n urgente del Alba, ser\u00eda bueno este fin [&hellip;]<\/p>\n","protected":false},"author":3,"featured_media":0,"comment_status":"open","ping_status":"open","sticky":false,"template":"","format":"standard","meta":{"footnotes":""},"categories":[24],"tags":[],"class_list":["post-155251","post","type-post","status-publish","format-standard","hentry","category-justicia-y-derecho"],"_links":{"self":[{"href":"https:\/\/diariodominicano.com\/index.php?rest_route=\/wp\/v2\/posts\/155251","targetHints":{"allow":["GET"]}}],"collection":[{"href":"https:\/\/diariodominicano.com\/index.php?rest_route=\/wp\/v2\/posts"}],"about":[{"href":"https:\/\/diariodominicano.com\/index.php?rest_route=\/wp\/v2\/types\/post"}],"author":[{"embeddable":true,"href":"https:\/\/diariodominicano.com\/index.php?rest_route=\/wp\/v2\/users\/3"}],"replies":[{"embeddable":true,"href":"https:\/\/diariodominicano.com\/index.php?rest_route=%2Fwp%2Fv2%2Fcomments&post=155251"}],"version-history":[{"count":0,"href":"https:\/\/diariodominicano.com\/index.php?rest_route=\/wp\/v2\/posts\/155251\/revisions"}],"wp:attachment":[{"href":"https:\/\/diariodominicano.com\/index.php?rest_route=%2Fwp%2Fv2%2Fmedia&parent=155251"}],"wp:term":[{"taxonomy":"category","embeddable":true,"href":"https:\/\/diariodominicano.com\/index.php?rest_route=%2Fwp%2Fv2%2Fcategories&post=155251"},{"taxonomy":"post_tag","embeddable":true,"href":"https:\/\/diariodominicano.com\/index.php?rest_route=%2Fwp%2Fv2%2Ftags&post=155251"}],"curies":[{"name":"wp","href":"https:\/\/api.w.org\/{rel}","templated":true}]}}