{"id":155250,"date":"2010-11-26T22:21:49","date_gmt":"2010-11-26T22:21:49","guid":{"rendered":"http:\/\/diariodominicano.ddns.net\/?p=155250"},"modified":"2010-11-26T22:21:49","modified_gmt":"2010-11-26T22:21:49","slug":"gobierno-indemnizara-a-sobrevivientes-de-incendio-de-promese","status":"publish","type":"post","link":"https:\/\/diariodominicano.com\/?p=155250","title":{"rendered":"&#13;Gobierno indemnizar\u00e1 a sobrevivientes de incendio de PROMESE"},"content":{"rendered":"<p><body><\/p>\n<p><img decoding=\"async\" src=\"http:\/\/localhost:8080\/justiciayderecho\/img3\/RAFAEL ALBURQUERQUE.jpg\" \/>  <\/p>\n<\/p>\n<p><span class=\"text1noticias\">SANTO DOMINGO.  El vicepresidente Rafael Alburquerque inform\u00f3 que los sobrevivientes y los familiares de las v\u00edctimas del incendio que destruy\u00f3 gran parte del almac\u00e9n del Programa de Medicamentos Esenciales (Promese) en la Ciudad de la Salud ser\u00e1n indemnizados. <\/span><\/p>\n<\/p>\n<p><span class=\"text1noticias\">Explic\u00f3 que la indemnizaci\u00f3n se har\u00e1 por v\u00eda de la Administradoras de Riesgos Laborales (ARL), como corresponde dentro del Sistema de Seguridad Social \u00abporque se ha tratado de un accidente de trabajo\u00bb.  <\/span><\/p>\n<\/p>\n<p><span class=\"text1noticias\">Estim\u00f3 que se deben incluir a todos los afectados, inclusive a los obreros haitianos que no est\u00e9n incluidos en la seguridad social. <\/span><\/p>\n<\/p>\n<p><span class=\"text1noticias\">Dijo que \u00absi no est\u00e1n inscritos en la seguridad social yo creo que debemos buscar los mecanismos para que estas familias hoy golpeadas duramente por muertes o heridas de familiares puedan tener el resarcimiento que corresponde con la ley\u00bb.<\/span><\/p>\n<\/p>\n<p><span class=\"text1noticias\">El incendio, ocurrido la tarde del pasado mi\u00e9rcoles en el almac\u00e9n en construcci\u00f3n de Promese en Santo Domingo Norte,  dej\u00f3 tambi\u00e9n varios heridos, tres de los cuales se recuperan en el hospital traumatol\u00f3gico Ney Arias Lora. <\/span><\/p>\n<\/p>\n<p><span class=\"text1noticias\">La ma\u00f1ana del jueves, una comisi\u00f3n de la ARL inspeccion\u00f3 las instalaciones de la maltrecha estructura y entrevist\u00f3 a los heridos. <\/span><\/p>\n<\/p>\n<p><span class=\"text1noticias\">Trabajan en informe <\/span><\/p>\n<\/p>\n<p><span class=\"text1noticias\">Mientras, se est\u00e1 a la espera del informe que rendir\u00e1n los bomberos de Santo Domingo Norte en conjunto con otras instituciones del Estado sobre las causas del incendio, que destruy\u00f3 alrededor de un 80% de la edificaci\u00f3n. <\/span><\/p>\n<\/p>\n<p><span class=\"text1noticias\">Se recuerda que el presidente Leonel Fern\u00e1ndez orden\u00f3 una investigaci\u00f3n exhaustiva del incidente.<\/span><\/p>\n<\/p>\n<\/p>\n<h6> 2010-11-26 22:21:49 <\/h6>\n<p><!--\n<link rel=\"stylesheet\" href=\"css\/bootstrap.min.css\">\n\n\n<ul class=\"pagination\">\n\t    \n\t\n\n<li >\n\t<a href='?page_no=30417'>Previous<\/a>\n\t<\/li>\n\n\n       \n    \n\n<li><a href='?page_no=1'>1<\/a><\/li>\n\n\n\n<li><a href='?page_no=2'>2<\/a><\/li>\n\n\n\n<li><a>...<\/a><\/li>\n\n\n\n<li><a href='?page_no=30416'>30416<\/a><\/li>\n\n\n\n<li><a href='?page_no=30417'>30417<\/a><\/li>\n\n\n\n<li class='active'><a>30418<\/a><\/li>\n\n\n\n<li><a href='?page_no=30419'>30419<\/a><\/li>\n\n\n\n<li><a href='?page_no=30420'>30420<\/a><\/li>\n\n\n\n<li><a>...<\/a><\/li>\n\n\n\n<li><a href='?page_no=31963'>31963<\/a><\/li>\n\n\n\n<li><a href='?page_no=31964'>31964<\/a><\/li>\n\n    \n\t\n\n<li >\n\t<a href='?page_no=30419'>Next<\/a>\n\t<\/li>\n\n\n    \n\n<li><a href='?page_no=31964'>Last &rsaquo;&rsaquo;<\/a><\/li>\n\n<\/ul>\n\n\n--><br \/>\n<\/body><\/p>\n","protected":false},"excerpt":{"rendered":"<p>SANTO DOMINGO. El vicepresidente Rafael Alburquerque inform\u00f3 que los sobrevivientes y los familiares de las v\u00edctimas del incendio que destruy\u00f3 gran parte del almac\u00e9n del Programa de Medicamentos Esenciales (Promese) en la Ciudad de la Salud ser\u00e1n indemnizados. Explic\u00f3 que la indemnizaci\u00f3n se har\u00e1 por v\u00eda de la Administradoras de Riesgos Laborales (ARL), como corresponde [&hellip;]<\/p>\n","protected":false},"author":3,"featured_media":0,"comment_status":"open","ping_status":"open","sticky":false,"template":"","format":"standard","meta":{"footnotes":""},"categories":[24],"tags":[],"class_list":["post-155250","post","type-post","status-publish","format-standard","hentry","category-justicia-y-derecho"],"_links":{"self":[{"href":"https:\/\/diariodominicano.com\/index.php?rest_route=\/wp\/v2\/posts\/155250","targetHints":{"allow":["GET"]}}],"collection":[{"href":"https:\/\/diariodominicano.com\/index.php?rest_route=\/wp\/v2\/posts"}],"about":[{"href":"https:\/\/diariodominicano.com\/index.php?rest_route=\/wp\/v2\/types\/post"}],"author":[{"embeddable":true,"href":"https:\/\/diariodominicano.com\/index.php?rest_route=\/wp\/v2\/users\/3"}],"replies":[{"embeddable":true,"href":"https:\/\/diariodominicano.com\/index.php?rest_route=%2Fwp%2Fv2%2Fcomments&post=155250"}],"version-history":[{"count":0,"href":"https:\/\/diariodominicano.com\/index.php?rest_route=\/wp\/v2\/posts\/155250\/revisions"}],"wp:attachment":[{"href":"https:\/\/diariodominicano.com\/index.php?rest_route=%2Fwp%2Fv2%2Fmedia&parent=155250"}],"wp:term":[{"taxonomy":"category","embeddable":true,"href":"https:\/\/diariodominicano.com\/index.php?rest_route=%2Fwp%2Fv2%2Fcategories&post=155250"},{"taxonomy":"post_tag","embeddable":true,"href":"https:\/\/diariodominicano.com\/index.php?rest_route=%2Fwp%2Fv2%2Ftags&post=155250"}],"curies":[{"name":"wp","href":"https:\/\/api.w.org\/{rel}","templated":true}]}}