{"id":155244,"date":"2010-11-27T14:18:27","date_gmt":"2010-11-27T14:18:27","guid":{"rendered":"http:\/\/diariodominicano.ddns.net\/?p=155244"},"modified":"2010-11-27T14:18:27","modified_gmt":"2010-11-27T14:18:27","slug":"consul-de-haiti-en-barahona-dice-su-nacion-vive-momentos-dificiles-inician-jornada-preventiva-contra-el-colera","status":"publish","type":"post","link":"https:\/\/diariodominicano.com\/?p=155244","title":{"rendered":"C\u00f3nsul de Hait\u00ed en Barahona dice su Naci\u00f3n vive momentos dif\u00edciles; inician jornada preventiva contra el c\u00f3lera"},"content":{"rendered":"<p><body><\/p>\n<p><img decoding=\"async\" src=\"http:\/\/localhost:8080\/justiciayderecho\/img3\/Consul Haitiana.JPG\" \/>  <\/p>\n<p><span class=\"text1noticias\">Por: Teuddy S\u00e1nchez<\/span><\/p>\n<\/p>\n<p><span class=\"text1noticias\">Barahona, 27 Nov 2010.- La c\u00f3nsul de Hait\u00ed en el Suroeste, Anne Marie Francois Sadin afirm\u00f3 que su Naci\u00f3n est\u00e1 viviendo en la actualidad, una situaci\u00f3n preocupante y desastrosa por el c\u00f3lera.<\/span><\/p>\n<p><span class=\"text1noticias\"> <\/span><\/p>\n<p><span class=\"text1noticias\">La diplom\u00e1tica, al mismo tiempo, salud\u00f3 la campa\u00f1a de prevenci\u00f3n que inici\u00f3 el Consorcio Azucarero Central (CAC), arrendatario del ingenio Barahona en las provincias Independencia, Bahoruco y Barahona.<\/span><\/p>\n<p><span class=\"text1noticias\"> <\/span><\/p>\n<p><span class=\"text1noticias\">\u00abYo me siento muy agradecida de ser parte de esta campa\u00f1a, ya que esto no es solo para proteger a los dominicanos, sino tambi\u00e9n para los haitianos  que viven aqu\u00ed\u00bb, apunt\u00f3.<\/span><\/p>\n<p><span class=\"text1noticias\"> <\/span><\/p>\n<p><span class=\"text1noticias\">Dijo que en su pa\u00eds se est\u00e1 viviendo, una situaci\u00f3n desastrosa donde en poco tiempo han fallecido mas de mil personas, a pesar de todo el esfuerzo que se ha realizado all\u00ed.<\/span><\/p>\n<p><span class=\"text1noticias\"> <\/span><\/p>\n<p><span class=\"text1noticias\">Francois Sadin se\u00f1al\u00f3 que el Presidente Ren\u00e9 Preval esta muy preocupado por esta situaci\u00f3n que acontece en su naci\u00f3n, por el c\u00f3lera.<\/span><\/p>\n<\/p>\n<p><span class=\"text1noticias\">\u00abEstamos seguro de que con esfuerzo, Hait\u00ed va a resolver el problema del c\u00f3lera, ya que no hay mejor forma que compartir este mal, que por sensibilizaci\u00f3n y la motivaci\u00f3n de la poblaci\u00f3n, autoridades de la regi\u00f3n Sur  est\u00e1n en el cami\u00f3n de enfrentar esta situaci\u00f3n\u00bb, expres\u00f3.<\/span><\/p>\n<p><span class=\"text1noticias\"><em><strong> <\/strong><\/em><\/span><\/p>\n<p><span class=\"text1noticias\"><em><strong>Inician jornada:<\/strong><\/em><\/span><\/p>\n<p><span class=\"text1noticias\"> <\/span><\/p>\n<p><span class=\"text1noticias\">El Consorcio Azucarero Central (CAC) y el ministerio de Salud P\u00fablica iniciaron  la jornada preventiva  contra  el c\u00f3lera en las zonas ca\u00f1eras de las provincias de Barahona  Bahoruco e independencia.<\/span><\/p>\n<\/p>\n<p><span class=\"text1noticias\">Esta jornada se realiza producto del acuerdo firmado por las autoridades de Salud y el Consorcio Azucarero Central, en las que ambas instituciones se unen para prevenir que la enfermedad afecte toda esta zona.<\/span><\/p>\n<\/p>\n<p><span class=\"text1noticias\">La actividad, realizada en la comunidad de Batey 6, fue iniciada por  Rafael Shanlate, director Regional de Salud; Luis Carlos Sandino, vice-presidente ARS Colonial; Andr\u00e9s Mota, gerente de Recursos Humanos del CAC,  Pablo Guillermo, director de Salud de la provincia Bahoruco.<\/span><\/p>\n<\/p>\n<p><span class=\"text1noticias\">Con esta jornada se pretende alcanzar unas 11 mil familias de unas 35 comunidades que viven en las tres provincias donde el CAC tiene plantaciones de ca\u00f1a, y por ende, empleados.<\/span><\/p>\n<\/p>\n<p><span class=\"text1noticias\">En el acuerdo, se hizo entrega de todos los materiales e insumos que se estar\u00e1n utilizando durante la jornada como afiches, brochures, cloro, agua, Jab\u00f3n, entre otros.<\/span><\/p>\n<\/p>\n<p><span class=\"text1noticias\">En la campa\u00f1a se emplear\u00e1 a m\u00e1s de 450 j\u00f3venes promotores de salud que hablan creole y espa\u00f1ol, para visitar casa por casa a los habitantes de los diferentes bateyes y viviendas de otras comunidades de la zona.<\/span><\/p>\n<h6> 2010-11-27 14:18:27 <\/h6>\n<p><!--\n<link rel=\"stylesheet\" href=\"css\/bootstrap.min.css\">\n\n\n<ul class=\"pagination\">\n\t    \n\t\n\n<li >\n\t<a href='?page_no=30411'>Previous<\/a>\n\t<\/li>\n\n\n       \n    \n\n<li><a href='?page_no=1'>1<\/a><\/li>\n\n\n\n<li><a href='?page_no=2'>2<\/a><\/li>\n\n\n\n<li><a>...<\/a><\/li>\n\n\n\n<li><a href='?page_no=30410'>30410<\/a><\/li>\n\n\n\n<li><a href='?page_no=30411'>30411<\/a><\/li>\n\n\n\n<li class='active'><a>30412<\/a><\/li>\n\n\n\n<li><a href='?page_no=30413'>30413<\/a><\/li>\n\n\n\n<li><a href='?page_no=30414'>30414<\/a><\/li>\n\n\n\n<li><a>...<\/a><\/li>\n\n\n\n<li><a href='?page_no=31963'>31963<\/a><\/li>\n\n\n\n<li><a href='?page_no=31964'>31964<\/a><\/li>\n\n    \n\t\n\n<li >\n\t<a href='?page_no=30413'>Next<\/a>\n\t<\/li>\n\n\n    \n\n<li><a href='?page_no=31964'>Last &rsaquo;&rsaquo;<\/a><\/li>\n\n<\/ul>\n\n\n--><br \/>\n<\/body><\/p>\n","protected":false},"excerpt":{"rendered":"<p>Por: Teuddy S\u00e1nchez Barahona, 27 Nov 2010.- La c\u00f3nsul de Hait\u00ed en el Suroeste, Anne Marie Francois Sadin afirm\u00f3 que su Naci\u00f3n est\u00e1 viviendo en la actualidad, una situaci\u00f3n preocupante y desastrosa por el c\u00f3lera. La diplom\u00e1tica, al mismo tiempo, salud\u00f3 la campa\u00f1a de prevenci\u00f3n que inici\u00f3 el Consorcio Azucarero Central (CAC), arrendatario del ingenio [&hellip;]<\/p>\n","protected":false},"author":3,"featured_media":0,"comment_status":"open","ping_status":"open","sticky":false,"template":"","format":"standard","meta":{"footnotes":""},"categories":[24],"tags":[],"class_list":["post-155244","post","type-post","status-publish","format-standard","hentry","category-justicia-y-derecho"],"_links":{"self":[{"href":"https:\/\/diariodominicano.com\/index.php?rest_route=\/wp\/v2\/posts\/155244","targetHints":{"allow":["GET"]}}],"collection":[{"href":"https:\/\/diariodominicano.com\/index.php?rest_route=\/wp\/v2\/posts"}],"about":[{"href":"https:\/\/diariodominicano.com\/index.php?rest_route=\/wp\/v2\/types\/post"}],"author":[{"embeddable":true,"href":"https:\/\/diariodominicano.com\/index.php?rest_route=\/wp\/v2\/users\/3"}],"replies":[{"embeddable":true,"href":"https:\/\/diariodominicano.com\/index.php?rest_route=%2Fwp%2Fv2%2Fcomments&post=155244"}],"version-history":[{"count":0,"href":"https:\/\/diariodominicano.com\/index.php?rest_route=\/wp\/v2\/posts\/155244\/revisions"}],"wp:attachment":[{"href":"https:\/\/diariodominicano.com\/index.php?rest_route=%2Fwp%2Fv2%2Fmedia&parent=155244"}],"wp:term":[{"taxonomy":"category","embeddable":true,"href":"https:\/\/diariodominicano.com\/index.php?rest_route=%2Fwp%2Fv2%2Fcategories&post=155244"},{"taxonomy":"post_tag","embeddable":true,"href":"https:\/\/diariodominicano.com\/index.php?rest_route=%2Fwp%2Fv2%2Ftags&post=155244"}],"curies":[{"name":"wp","href":"https:\/\/api.w.org\/{rel}","templated":true}]}}