{"id":155243,"date":"2010-11-28T14:21:13","date_gmt":"2010-11-28T14:21:13","guid":{"rendered":"http:\/\/diariodominicano.ddns.net\/?p=155243"},"modified":"2010-11-28T14:21:13","modified_gmt":"2010-11-28T14:21:13","slug":"melaneo-informa-suministro-de-leche-en-desayuno-escolar-se-restablecera-este-semana","status":"publish","type":"post","link":"https:\/\/diariodominicano.com\/?p=155243","title":{"rendered":"Melaneo informa suministro de leche en desayuno escolar se restablecer\u00e1 este semana"},"content":{"rendered":"<p><body><\/p>\n<p><img decoding=\"async\" src=\"http:\/\/localhost:8080\/justiciayderecho\/img3\/MELANIO.jpg\" \/>  <\/p>\n<p><span class=\"text1noticias\">Santo Domingo,- El ministro de Educaci\u00f3n inform\u00f3 que existen amplias posibilidades de que el suministro de la leche en el Desayuno Escolar se restablezca en la presente semana.<\/span><\/p>\n<\/p>\n<p><span class=\"text1noticias\">El licenciado Melaneo Paredes explic\u00f3 que aunque no se lleve el importante alimento a todas las escuelas del pa\u00eds, pero si llegar\u00e1 a la mayor\u00eda de los centros educativos.<\/span><\/p>\n<\/p>\n<p><span class=\"text1noticias\">Agreg\u00f3 que la cartera trabaja arduamente en coordinaci\u00f3n con organismos internacionales para crear una plataforma de seguridad que garantice que ning\u00fan ni\u00f1o se vuelva a intoxicar como consecuencia de la ingesta de la merienda escolar.<\/span><\/p>\n<\/p>\n<p><span class=\"text1noticias\">Entrevistado por H\u00e9ctor Herrera Cabral en el programa D\u00b4AGENDA que cada domingo se difunde por Telesistema Canal 11, el funcionario reiter\u00f3 que los problemas que se han presentado con dicho programa se debe a la lucha de intereses que despierta debido a que en el mismo se invierten 17 millones de pesos diario.<\/span><\/p>\n<\/p>\n<p><span class=\"text1noticias\">Se quej\u00f3 por la lentitud con que ha actuado la comisi\u00f3n designada para investigar las intoxicaciones  de cientos de estudiantes luego de ingerir la leche que se distribuye a ni\u00f1os y adolescentes de la ense\u00f1anza p\u00fablica.<\/span><\/p>\n<\/p>\n<p><span class=\"text1noticias\">\u00abEsa es otra primicia que te voy a dar, es casi seguro que esta misma semana estemos restableciendo el suministro de leche dentro del desayuno escolar; y aunque no lo haremos en todas las escuelas, pero si se abarcar\u00e1 la mayor\u00eda de los centros de ense\u00f1anza\u00bb, reitero Melaneo Paredes.<\/span><\/p>\n<\/p>\n<p><span class=\"text1noticias\">El ministro de Educaci\u00f3n reiter\u00f3 su postura de que el programa del desayuno escolar debe salir de esa cartera ya sea creando una estructura fuera del gobierno, o que una de las agencias gubernamentales que tienen que ver con la pol\u00edtica social asuman su direcci\u00f3n.<\/span><\/p>\n<h6> 2010-11-28 14:21:13 <\/h6>\n<p><!--\n<link rel=\"stylesheet\" href=\"css\/bootstrap.min.css\">\n\n\n<ul class=\"pagination\">\n\t    \n\t\n\n<li >\n\t<a href='?page_no=30410'>Previous<\/a>\n\t<\/li>\n\n\n       \n    \n\n<li><a href='?page_no=1'>1<\/a><\/li>\n\n\n\n<li><a href='?page_no=2'>2<\/a><\/li>\n\n\n\n<li><a>...<\/a><\/li>\n\n\n\n<li><a href='?page_no=30409'>30409<\/a><\/li>\n\n\n\n<li><a href='?page_no=30410'>30410<\/a><\/li>\n\n\n\n<li class='active'><a>30411<\/a><\/li>\n\n\n\n<li><a href='?page_no=30412'>30412<\/a><\/li>\n\n\n\n<li><a href='?page_no=30413'>30413<\/a><\/li>\n\n\n\n<li><a>...<\/a><\/li>\n\n\n\n<li><a href='?page_no=31963'>31963<\/a><\/li>\n\n\n\n<li><a href='?page_no=31964'>31964<\/a><\/li>\n\n    \n\t\n\n<li >\n\t<a href='?page_no=30412'>Next<\/a>\n\t<\/li>\n\n\n    \n\n<li><a href='?page_no=31964'>Last &rsaquo;&rsaquo;<\/a><\/li>\n\n<\/ul>\n\n\n--><br \/>\n<\/body><\/p>\n","protected":false},"excerpt":{"rendered":"<p>Santo Domingo,- El ministro de Educaci\u00f3n inform\u00f3 que existen amplias posibilidades de que el suministro de la leche en el Desayuno Escolar se restablezca en la presente semana. El licenciado Melaneo Paredes explic\u00f3 que aunque no se lleve el importante alimento a todas las escuelas del pa\u00eds, pero si llegar\u00e1 a la mayor\u00eda de los [&hellip;]<\/p>\n","protected":false},"author":3,"featured_media":0,"comment_status":"open","ping_status":"open","sticky":false,"template":"","format":"standard","meta":{"footnotes":""},"categories":[24],"tags":[],"class_list":["post-155243","post","type-post","status-publish","format-standard","hentry","category-justicia-y-derecho"],"_links":{"self":[{"href":"https:\/\/diariodominicano.com\/index.php?rest_route=\/wp\/v2\/posts\/155243","targetHints":{"allow":["GET"]}}],"collection":[{"href":"https:\/\/diariodominicano.com\/index.php?rest_route=\/wp\/v2\/posts"}],"about":[{"href":"https:\/\/diariodominicano.com\/index.php?rest_route=\/wp\/v2\/types\/post"}],"author":[{"embeddable":true,"href":"https:\/\/diariodominicano.com\/index.php?rest_route=\/wp\/v2\/users\/3"}],"replies":[{"embeddable":true,"href":"https:\/\/diariodominicano.com\/index.php?rest_route=%2Fwp%2Fv2%2Fcomments&post=155243"}],"version-history":[{"count":0,"href":"https:\/\/diariodominicano.com\/index.php?rest_route=\/wp\/v2\/posts\/155243\/revisions"}],"wp:attachment":[{"href":"https:\/\/diariodominicano.com\/index.php?rest_route=%2Fwp%2Fv2%2Fmedia&parent=155243"}],"wp:term":[{"taxonomy":"category","embeddable":true,"href":"https:\/\/diariodominicano.com\/index.php?rest_route=%2Fwp%2Fv2%2Fcategories&post=155243"},{"taxonomy":"post_tag","embeddable":true,"href":"https:\/\/diariodominicano.com\/index.php?rest_route=%2Fwp%2Fv2%2Ftags&post=155243"}],"curies":[{"name":"wp","href":"https:\/\/api.w.org\/{rel}","templated":true}]}}