{"id":155242,"date":"2010-11-28T14:33:06","date_gmt":"2010-11-28T14:33:06","guid":{"rendered":"http:\/\/diariodominicano.ddns.net\/?p=155242"},"modified":"2010-11-28T14:33:06","modified_gmt":"2010-11-28T14:33:06","slug":"agricultura-lamenta-muerte-de-agronomo","status":"publish","type":"post","link":"https:\/\/diariodominicano.com\/?p=155242","title":{"rendered":"Agricultura lamenta muerte de agronomo"},"content":{"rendered":"<p><body><\/p>\n<\/p>\n<p><span class=\"text1noticias\">Santo Domingo.- El Ministerio de Agricultura consider\u00f3 como una partida lamentable la muerte del ingeniero agr\u00f3nomo Enrique El\u00edas Compr\u00e9s, un profesional excelente que acababa de presentar tesis para el grado de maestr\u00eda.<\/span><\/p>\n<\/p>\n<p><span class=\"text1noticias\">La instituci\u00f3n dijo que Compres laboraba para el Departamento de Sanidad Vegetal, donde prestaba servicios con dedicaci\u00f3n como t\u00e9cnico de an\u00e1lisis de riesgo, y que con frecuencia era enviado al exterior a inspeccionar en el pa\u00eds de origen, los productores importados para la Rep\u00fablica Dominicana.<\/span><\/p>\n<p><span class=\"text1noticias\">Destac\u00f3 que la labor que desempe\u00f1aba el malogrado profesional era clave para garantizar que no entraran al territorio nacional plagas desde el extranjero.<\/span><\/p>\n<\/p>\n<p><span class=\"text1noticias\">?Es una perdida lamentable para el Ministerio de Agricultura, porque era un profesional excelente y de una gran formaci\u00f3n?, dijo el viceministro Leandro Mercedes.<\/span><\/p>\n<\/p>\n<p><span class=\"text1noticias\">Mercedes revel\u00f3 que el agr\u00f3nomo vegano hab\u00eda sido elogiado por la exposici\u00f3n que present\u00f3 recientemente en una jornada cient\u00edfica organizada por la Universidad Aut\u00f3noma de Santo Domingo (UASD).<\/span><\/p>\n<\/p>\n<p><span class=\"text1noticias\">Compr\u00e9s fue asesinado  por desconocidos en la ma\u00f1ana del  pasado s\u00e1bado en el sector de Cristo Rey, cuando se dispon\u00eda a abordar una camioneta asignada para sus funciones en Agricultura.<\/span><\/p>\n<\/p>\n<h6> 2010-11-28 14:33:06 <\/h6>\n<p><!--\n<link rel=\"stylesheet\" href=\"css\/bootstrap.min.css\">\n\n\n<ul class=\"pagination\">\n\t    \n\t\n\n<li >\n\t<a href='?page_no=30409'>Previous<\/a>\n\t<\/li>\n\n\n       \n    \n\n<li><a href='?page_no=1'>1<\/a><\/li>\n\n\n\n<li><a href='?page_no=2'>2<\/a><\/li>\n\n\n\n<li><a>...<\/a><\/li>\n\n\n\n<li><a href='?page_no=30408'>30408<\/a><\/li>\n\n\n\n<li><a href='?page_no=30409'>30409<\/a><\/li>\n\n\n\n<li class='active'><a>30410<\/a><\/li>\n\n\n\n<li><a href='?page_no=30411'>30411<\/a><\/li>\n\n\n\n<li><a href='?page_no=30412'>30412<\/a><\/li>\n\n\n\n<li><a>...<\/a><\/li>\n\n\n\n<li><a href='?page_no=31963'>31963<\/a><\/li>\n\n\n\n<li><a href='?page_no=31964'>31964<\/a><\/li>\n\n    \n\t\n\n<li >\n\t<a href='?page_no=30411'>Next<\/a>\n\t<\/li>\n\n\n    \n\n<li><a href='?page_no=31964'>Last &rsaquo;&rsaquo;<\/a><\/li>\n\n<\/ul>\n\n\n--><br \/>\n<\/body><\/p>\n","protected":false},"excerpt":{"rendered":"<p>Santo Domingo.- El Ministerio de Agricultura consider\u00f3 como una partida lamentable la muerte del ingeniero agr\u00f3nomo Enrique El\u00edas Compr\u00e9s, un profesional excelente que acababa de presentar tesis para el grado de maestr\u00eda. La instituci\u00f3n dijo que Compres laboraba para el Departamento de Sanidad Vegetal, donde prestaba servicios con dedicaci\u00f3n como t\u00e9cnico de an\u00e1lisis de riesgo, [&hellip;]<\/p>\n","protected":false},"author":3,"featured_media":0,"comment_status":"open","ping_status":"open","sticky":false,"template":"","format":"standard","meta":{"footnotes":""},"categories":[24],"tags":[],"class_list":["post-155242","post","type-post","status-publish","format-standard","hentry","category-justicia-y-derecho"],"_links":{"self":[{"href":"https:\/\/diariodominicano.com\/index.php?rest_route=\/wp\/v2\/posts\/155242","targetHints":{"allow":["GET"]}}],"collection":[{"href":"https:\/\/diariodominicano.com\/index.php?rest_route=\/wp\/v2\/posts"}],"about":[{"href":"https:\/\/diariodominicano.com\/index.php?rest_route=\/wp\/v2\/types\/post"}],"author":[{"embeddable":true,"href":"https:\/\/diariodominicano.com\/index.php?rest_route=\/wp\/v2\/users\/3"}],"replies":[{"embeddable":true,"href":"https:\/\/diariodominicano.com\/index.php?rest_route=%2Fwp%2Fv2%2Fcomments&post=155242"}],"version-history":[{"count":0,"href":"https:\/\/diariodominicano.com\/index.php?rest_route=\/wp\/v2\/posts\/155242\/revisions"}],"wp:attachment":[{"href":"https:\/\/diariodominicano.com\/index.php?rest_route=%2Fwp%2Fv2%2Fmedia&parent=155242"}],"wp:term":[{"taxonomy":"category","embeddable":true,"href":"https:\/\/diariodominicano.com\/index.php?rest_route=%2Fwp%2Fv2%2Fcategories&post=155242"},{"taxonomy":"post_tag","embeddable":true,"href":"https:\/\/diariodominicano.com\/index.php?rest_route=%2Fwp%2Fv2%2Ftags&post=155242"}],"curies":[{"name":"wp","href":"https:\/\/api.w.org\/{rel}","templated":true}]}}