{"id":155241,"date":"2010-11-28T14:52:14","date_gmt":"2010-11-28T14:52:14","guid":{"rendered":"http:\/\/diariodominicano.ddns.net\/?p=155241"},"modified":"2010-11-28T14:52:14","modified_gmt":"2010-11-28T14:52:14","slug":"haitiano-con-sarcoma-de-kaposi-y-vih-es-sacado-de-su-guarida-sc","status":"publish","type":"post","link":"https:\/\/diariodominicano.com\/?p=155241","title":{"rendered":"Haitiano con Sarcoma de Kaposi  y VIH es sacado de su guarida SC"},"content":{"rendered":"<p><body><\/p>\n<p><span class=\"text1noticias\">Por Miguel Angel Solano<\/span><\/p>\n<\/p>\n<p><span class=\"text1noticias\">SAN CRIST\u00d3BAL.- Una nacional haitiano con Salcoma de Kaposi, VIH, desprendimiento de la piel y otras complicaciones fue sacado de su guarida y trasladado al hospital Juan Pablo Pina por  miembros de la Cruz Rojas Dominicana.<\/span><\/p>\n<\/p>\n<p><span class=\"text1noticias\">Juan G\u00f3mez de 35 a\u00f1os causo p\u00e1nico entre los residentes de ese populoso sector de esta ciudad ya que los mismo creyeron al ver la ambulancia que el nacional haitiano padec\u00eda de C\u00f3lera,  G\u00f3mez se encuentra recibiendo atenciones medicas por varios emergenciologos para hospitalizarlo y poder darle mejor\u00eda.<\/span><\/p>\n<p><span class=\"text1noticias\">Los miembros de la Cruz Rojas Dominicana y los m\u00e9dicos de emergencia del hospital pina dijeron que encontraron el paciente en muy mal estado y con olor desagradable ya que este vive solo y no tiene quien lo atendiera expresaron de manera separada.<\/span><\/p>\n<h6> 2010-11-28 14:52:14 <\/h6>\n<p><!--\n<link rel=\"stylesheet\" href=\"css\/bootstrap.min.css\">\n\n\n<ul class=\"pagination\">\n\t    \n\t\n\n<li >\n\t<a href='?page_no=30408'>Previous<\/a>\n\t<\/li>\n\n\n       \n    \n\n<li><a href='?page_no=1'>1<\/a><\/li>\n\n\n\n<li><a href='?page_no=2'>2<\/a><\/li>\n\n\n\n<li><a>...<\/a><\/li>\n\n\n\n<li><a href='?page_no=30407'>30407<\/a><\/li>\n\n\n\n<li><a href='?page_no=30408'>30408<\/a><\/li>\n\n\n\n<li class='active'><a>30409<\/a><\/li>\n\n\n\n<li><a href='?page_no=30410'>30410<\/a><\/li>\n\n\n\n<li><a href='?page_no=30411'>30411<\/a><\/li>\n\n\n\n<li><a>...<\/a><\/li>\n\n\n\n<li><a href='?page_no=31963'>31963<\/a><\/li>\n\n\n\n<li><a href='?page_no=31964'>31964<\/a><\/li>\n\n    \n\t\n\n<li >\n\t<a href='?page_no=30410'>Next<\/a>\n\t<\/li>\n\n\n    \n\n<li><a href='?page_no=31964'>Last &rsaquo;&rsaquo;<\/a><\/li>\n\n<\/ul>\n\n\n--><br \/>\n<\/body><\/p>\n","protected":false},"excerpt":{"rendered":"<p>Por Miguel Angel Solano SAN CRIST\u00d3BAL.- Una nacional haitiano con Salcoma de Kaposi, VIH, desprendimiento de la piel y otras complicaciones fue sacado de su guarida y trasladado al hospital Juan Pablo Pina por miembros de la Cruz Rojas Dominicana. Juan G\u00f3mez de 35 a\u00f1os causo p\u00e1nico entre los residentes de ese populoso sector de [&hellip;]<\/p>\n","protected":false},"author":3,"featured_media":0,"comment_status":"open","ping_status":"open","sticky":false,"template":"","format":"standard","meta":{"footnotes":""},"categories":[24],"tags":[],"class_list":["post-155241","post","type-post","status-publish","format-standard","hentry","category-justicia-y-derecho"],"_links":{"self":[{"href":"https:\/\/diariodominicano.com\/index.php?rest_route=\/wp\/v2\/posts\/155241","targetHints":{"allow":["GET"]}}],"collection":[{"href":"https:\/\/diariodominicano.com\/index.php?rest_route=\/wp\/v2\/posts"}],"about":[{"href":"https:\/\/diariodominicano.com\/index.php?rest_route=\/wp\/v2\/types\/post"}],"author":[{"embeddable":true,"href":"https:\/\/diariodominicano.com\/index.php?rest_route=\/wp\/v2\/users\/3"}],"replies":[{"embeddable":true,"href":"https:\/\/diariodominicano.com\/index.php?rest_route=%2Fwp%2Fv2%2Fcomments&post=155241"}],"version-history":[{"count":0,"href":"https:\/\/diariodominicano.com\/index.php?rest_route=\/wp\/v2\/posts\/155241\/revisions"}],"wp:attachment":[{"href":"https:\/\/diariodominicano.com\/index.php?rest_route=%2Fwp%2Fv2%2Fmedia&parent=155241"}],"wp:term":[{"taxonomy":"category","embeddable":true,"href":"https:\/\/diariodominicano.com\/index.php?rest_route=%2Fwp%2Fv2%2Fcategories&post=155241"},{"taxonomy":"post_tag","embeddable":true,"href":"https:\/\/diariodominicano.com\/index.php?rest_route=%2Fwp%2Fv2%2Ftags&post=155241"}],"curies":[{"name":"wp","href":"https:\/\/api.w.org\/{rel}","templated":true}]}}