{"id":155239,"date":"2010-11-28T15:29:53","date_gmt":"2010-11-28T15:29:53","guid":{"rendered":"http:\/\/diariodominicano.ddns.net\/?p=155239"},"modified":"2010-11-28T15:29:53","modified_gmt":"2010-11-28T15:29:53","slug":"advierte-sobre-sanciones-a-maestros-por-huelgas-que-afectan-la-docencia","status":"publish","type":"post","link":"https:\/\/diariodominicano.com\/?p=155239","title":{"rendered":"Advierte sobre sanciones a maestros por huelgas que afectan la docencia&#13;"},"content":{"rendered":"<p><body><\/p>\n<p><span class=\"text1noticias\">Santo Domingo.- El licenciado Melaneo Paredes advirti\u00f3 a los profesores que est\u00e1n abandonando la docencia para participar en las protestas por la demanda del cuatro por ciento a para la educaci\u00f3n, que tendr\u00e1n que reponer esas horas de clase o de lo contrario se exponen a sanciones.<\/span><\/p>\n<\/p>\n<p><span class=\"text1noticias\">El ministro de Educaci\u00f3n record\u00f3 que el proyecto de Mil Horas de Cantidad y Mil horas de calidad es un compromiso que el sistema educativo ha asumido con la sociedad y con esas paralizaciones se le est\u00e1 haciendo un gran da\u00f1o.<\/span><\/p>\n<\/p>\n<p><span class=\"text1noticias\">Explic\u00f3 que en los pr\u00f3ximos d\u00edas la cartera que dirige entregar\u00e1 millones de pesos como incentivos a escuelas y maestros que han cumplido, o se han aproximado, a la meta  Mil por Mil.<\/span><\/p>\n<\/p>\n<p><span class=\"text1noticias\">\u00abPero as\u00ed como premiamos ese esfuerzo de esos maestros que han cumplido con el programa Mil por Mil, as\u00ed aplicaremos sanciones para aquellos profesores que abandonan las aulas para participar acciones de protestas\u00bb, precis\u00f3 el ministro de Educaci\u00f3n.<\/span><\/p>\n<\/p>\n<p><span class=\"text1noticias\">Paredes reconoci\u00f3 que la Constituci\u00f3n y las leyes garantizan el derecho a la protestas siempre y cuando no afecten una \u00e1rea tan sensible para la naci\u00f3n como lo es la educaci\u00f3n.<\/span><\/p>\n<\/p>\n<p><span class=\"text1noticias\">Record\u00f3 a los maestros que ellos firmaron un contrato de trabajo con el ministerio que dirige en el cual se comprometen a impartir una cantidad de horas de clase a cambio del dinero que reciben.<\/span><\/p>\n<\/p>\n<p><span class=\"text1noticias\">Con respeto el reclamo que hacen distintos sectores de la sociedad sobre la necesidad de que el gobierno entregue el cuatro por ciento del Producto Interno Bruto a la educaci\u00f3n, Melaneo se mostr\u00f3 de acuerdo con lo externado por el presidente Leonel Fern\u00e1ndez en el sentido de que para mejorar la calidad de la educaci\u00f3n hace falta algo m\u00e1s que dinero.<\/span><\/p>\n<\/p>\n<h6> 2010-11-28 15:29:53 <\/h6>\n<p><!--\n<link rel=\"stylesheet\" href=\"css\/bootstrap.min.css\">\n\n\n<ul class=\"pagination\">\n\t    \n\t\n\n<li >\n\t<a href='?page_no=30406'>Previous<\/a>\n\t<\/li>\n\n\n       \n    \n\n<li><a href='?page_no=1'>1<\/a><\/li>\n\n\n\n<li><a href='?page_no=2'>2<\/a><\/li>\n\n\n\n<li><a>...<\/a><\/li>\n\n\n\n<li><a href='?page_no=30405'>30405<\/a><\/li>\n\n\n\n<li><a href='?page_no=30406'>30406<\/a><\/li>\n\n\n\n<li class='active'><a>30407<\/a><\/li>\n\n\n\n<li><a href='?page_no=30408'>30408<\/a><\/li>\n\n\n\n<li><a href='?page_no=30409'>30409<\/a><\/li>\n\n\n\n<li><a>...<\/a><\/li>\n\n\n\n<li><a href='?page_no=31963'>31963<\/a><\/li>\n\n\n\n<li><a href='?page_no=31964'>31964<\/a><\/li>\n\n    \n\t\n\n<li >\n\t<a href='?page_no=30408'>Next<\/a>\n\t<\/li>\n\n\n    \n\n<li><a href='?page_no=31964'>Last &rsaquo;&rsaquo;<\/a><\/li>\n\n<\/ul>\n\n\n--><br \/>\n<\/body><\/p>\n","protected":false},"excerpt":{"rendered":"<p>Santo Domingo.- El licenciado Melaneo Paredes advirti\u00f3 a los profesores que est\u00e1n abandonando la docencia para participar en las protestas por la demanda del cuatro por ciento a para la educaci\u00f3n, que tendr\u00e1n que reponer esas horas de clase o de lo contrario se exponen a sanciones. El ministro de Educaci\u00f3n record\u00f3 que el proyecto [&hellip;]<\/p>\n","protected":false},"author":3,"featured_media":0,"comment_status":"open","ping_status":"open","sticky":false,"template":"","format":"standard","meta":{"footnotes":""},"categories":[24],"tags":[],"class_list":["post-155239","post","type-post","status-publish","format-standard","hentry","category-justicia-y-derecho"],"_links":{"self":[{"href":"https:\/\/diariodominicano.com\/index.php?rest_route=\/wp\/v2\/posts\/155239","targetHints":{"allow":["GET"]}}],"collection":[{"href":"https:\/\/diariodominicano.com\/index.php?rest_route=\/wp\/v2\/posts"}],"about":[{"href":"https:\/\/diariodominicano.com\/index.php?rest_route=\/wp\/v2\/types\/post"}],"author":[{"embeddable":true,"href":"https:\/\/diariodominicano.com\/index.php?rest_route=\/wp\/v2\/users\/3"}],"replies":[{"embeddable":true,"href":"https:\/\/diariodominicano.com\/index.php?rest_route=%2Fwp%2Fv2%2Fcomments&post=155239"}],"version-history":[{"count":0,"href":"https:\/\/diariodominicano.com\/index.php?rest_route=\/wp\/v2\/posts\/155239\/revisions"}],"wp:attachment":[{"href":"https:\/\/diariodominicano.com\/index.php?rest_route=%2Fwp%2Fv2%2Fmedia&parent=155239"}],"wp:term":[{"taxonomy":"category","embeddable":true,"href":"https:\/\/diariodominicano.com\/index.php?rest_route=%2Fwp%2Fv2%2Fcategories&post=155239"},{"taxonomy":"post_tag","embeddable":true,"href":"https:\/\/diariodominicano.com\/index.php?rest_route=%2Fwp%2Fv2%2Ftags&post=155239"}],"curies":[{"name":"wp","href":"https:\/\/api.w.org\/{rel}","templated":true}]}}