{"id":155238,"date":"2010-11-28T16:11:28","date_gmt":"2010-11-28T16:11:28","guid":{"rendered":"http:\/\/diariodominicano.ddns.net\/?p=155238"},"modified":"2010-11-28T16:11:28","modified_gmt":"2010-11-28T16:11:28","slug":"hipolito-mejia-es-dado-de-alta-este-domingo","status":"publish","type":"post","link":"https:\/\/diariodominicano.com\/?p=155238","title":{"rendered":"Hip\u00f3lito Mej\u00eda es dado de alta este domingo"},"content":{"rendered":"<p><body><\/p>\n<p><img decoding=\"async\" src=\"http:\/\/localhost:8080\/justiciayderecho\/img3\/hipolito cedimat.JPG\" \/>  <\/p>\n<\/p>\n<p><span class=\"text1noticias\">Elogia profesionalidad de  CEDIMAT<\/span><\/p>\n<\/p>\n<p><span class=\"text1noticias\">Santo Domingo.- El  ex presidente  Hip\u00f3lito Mej\u00eda fue dado de alta en la ma\u00f1ana de, este domingo luego de  cinco d\u00edas de hab\u00e9rsele practicado una cirug\u00eda mprost\u00e1tica, a causa de una prostatitis benigna, el  pasado martes en el Centro de Medicina Avanzada y Tecnolog\u00eda, CEDIMAT.<\/span><\/p>\n<\/p>\n<p><span class=\"text1noticias\">El ex mandatario fue despachado  a su hogar a las  9: 30 de  la ma\u00f1ana,  por los m\u00e9dicos que le atendieron durante todo el proceso, doctores  Octavio Cruz  Pineda  y  V\u00edctor Atallah.<\/span><\/p>\n<\/p>\n<p><span class=\"text1noticias\">Al ser abordado por  los medios presentes a su salida el ex mandatario dijo sentirse muy bien, y asegur\u00f3 que en pocos d\u00edas  volver\u00e1 a estar en las  calles  continuando sus actividades en procura  de la nominaci\u00f3n presidencial  por  Partido Revolucionario Dominicano. Alab\u00f3  el buen orden, las magnificas condiciones  en que funciona el centro m\u00e9dico CEDIMAT, compar\u00e1ndolo como uno de los mejores del mundo, de lo que, seg\u00fan dijo debemos  sentirnos orgullos  los dominicanos.<\/span><\/p>\n<\/p>\n<p><span class=\"text1noticias\">La calidad y profesionalidad  este  centro,  CEDIMAT,  no tiene nada que envidiarle a ning\u00fan otro en el mundo  y  mira que yo he estado en muchos hospitales  muy avanzados. Afirm\u00f3  el ex mandatario.<\/span><\/p>\n<\/p>\n<p><span class=\"text1noticias\">Dijo que durmi\u00f3 mucho, como no lo hac\u00eda desde mucho tiempo, sobre el encuentro con el presidente Leonel Fern\u00e1ndez expreso que hablaron de muchas preocupaciones, pero lo que m\u00e1s trataron fue sobreel  C\u00f3lera.<\/span><\/p>\n<\/p>\n<p><span class=\"text1noticias\">Expres\u00f3 que los m\u00e9dicos le recomendaron pasar dos d\u00edas m\u00e1s  para asimilar mejor el proceso, causa por la que fue despachado hoy domingo y no el viernes.<\/span><\/p>\n<h6> 2010-11-28 16:11:28 <\/h6>\n<p><!--\n<link rel=\"stylesheet\" href=\"css\/bootstrap.min.css\">\n\n\n<ul class=\"pagination\">\n\t    \n\t\n\n<li >\n\t<a href='?page_no=30405'>Previous<\/a>\n\t<\/li>\n\n\n       \n    \n\n<li><a href='?page_no=1'>1<\/a><\/li>\n\n\n\n<li><a href='?page_no=2'>2<\/a><\/li>\n\n\n\n<li><a>...<\/a><\/li>\n\n\n\n<li><a href='?page_no=30404'>30404<\/a><\/li>\n\n\n\n<li><a href='?page_no=30405'>30405<\/a><\/li>\n\n\n\n<li class='active'><a>30406<\/a><\/li>\n\n\n\n<li><a href='?page_no=30407'>30407<\/a><\/li>\n\n\n\n<li><a href='?page_no=30408'>30408<\/a><\/li>\n\n\n\n<li><a>...<\/a><\/li>\n\n\n\n<li><a href='?page_no=31963'>31963<\/a><\/li>\n\n\n\n<li><a href='?page_no=31964'>31964<\/a><\/li>\n\n    \n\t\n\n<li >\n\t<a href='?page_no=30407'>Next<\/a>\n\t<\/li>\n\n\n    \n\n<li><a href='?page_no=31964'>Last &rsaquo;&rsaquo;<\/a><\/li>\n\n<\/ul>\n\n\n--><br \/>\n<\/body><\/p>\n","protected":false},"excerpt":{"rendered":"<p>Elogia profesionalidad de CEDIMAT Santo Domingo.- El ex presidente Hip\u00f3lito Mej\u00eda fue dado de alta en la ma\u00f1ana de, este domingo luego de cinco d\u00edas de hab\u00e9rsele practicado una cirug\u00eda mprost\u00e1tica, a causa de una prostatitis benigna, el pasado martes en el Centro de Medicina Avanzada y Tecnolog\u00eda, CEDIMAT. El ex mandatario fue despachado a [&hellip;]<\/p>\n","protected":false},"author":3,"featured_media":0,"comment_status":"open","ping_status":"open","sticky":false,"template":"","format":"standard","meta":{"footnotes":""},"categories":[24],"tags":[],"class_list":["post-155238","post","type-post","status-publish","format-standard","hentry","category-justicia-y-derecho"],"_links":{"self":[{"href":"https:\/\/diariodominicano.com\/index.php?rest_route=\/wp\/v2\/posts\/155238","targetHints":{"allow":["GET"]}}],"collection":[{"href":"https:\/\/diariodominicano.com\/index.php?rest_route=\/wp\/v2\/posts"}],"about":[{"href":"https:\/\/diariodominicano.com\/index.php?rest_route=\/wp\/v2\/types\/post"}],"author":[{"embeddable":true,"href":"https:\/\/diariodominicano.com\/index.php?rest_route=\/wp\/v2\/users\/3"}],"replies":[{"embeddable":true,"href":"https:\/\/diariodominicano.com\/index.php?rest_route=%2Fwp%2Fv2%2Fcomments&post=155238"}],"version-history":[{"count":0,"href":"https:\/\/diariodominicano.com\/index.php?rest_route=\/wp\/v2\/posts\/155238\/revisions"}],"wp:attachment":[{"href":"https:\/\/diariodominicano.com\/index.php?rest_route=%2Fwp%2Fv2%2Fmedia&parent=155238"}],"wp:term":[{"taxonomy":"category","embeddable":true,"href":"https:\/\/diariodominicano.com\/index.php?rest_route=%2Fwp%2Fv2%2Fcategories&post=155238"},{"taxonomy":"post_tag","embeddable":true,"href":"https:\/\/diariodominicano.com\/index.php?rest_route=%2Fwp%2Fv2%2Ftags&post=155238"}],"curies":[{"name":"wp","href":"https:\/\/api.w.org\/{rel}","templated":true}]}}