{"id":155237,"date":"2010-11-28T17:17:42","date_gmt":"2010-11-28T17:17:42","guid":{"rendered":"http:\/\/diariodominicano.ddns.net\/?p=155237"},"modified":"2010-11-28T17:17:42","modified_gmt":"2010-11-28T17:17:42","slug":"insiste-en-que-mienten-quienes-dicen-que-se-pretende-excluir-la-lengua-espanola-del-sistema-de-ensenanza","status":"publish","type":"post","link":"https:\/\/diariodominicano.com\/?p=155237","title":{"rendered":"Insiste en que mienten quienes dicen que se pretende excluir la Lengua Espa\u00f1ola del sistema de ense\u00f1anza&#13;"},"content":{"rendered":"<p><body><\/p>\n<\/p>\n<p><span class=\"text1noticias\">Santo Domingo.- El Ministro de Educaci\u00f3n calific\u00f3 como una tergiversaci\u00f3n de la realidad la versi\u00f3n puesta a circular por acad\u00e9micos en el sentido de que el nuevo texto integrado elimina la ense\u00f1anza de la Lengua Espa\u00f1ola.<\/span><\/p>\n<\/p>\n<p><span class=\"text1noticias\">Melaneo Paredes dijo estar dispuesto  a debatir con sus t\u00e9cnicos con quienes sostienen semejante criterio.<\/span><\/p>\n<\/p>\n<p><span class=\"text1noticias\">Insisti\u00f3 en que lo que ha habido es un reforzamiento en todos los elementos de la lecto-escritura en cada grado de la ense\u00f1anza b\u00e1sica y media.<\/span><\/p>\n<\/p>\n<p><span class=\"text1noticias\">\u00abYo reitero que son superficiales, pero adem\u00e1s falsos esos argumentos, porque la Lengua Espa\u00f1ola no ha sido sacada ni de los textos ni mucho menos del enfoque curricular\u00bb, insisti\u00f3 el funcionario.<\/span><\/p>\n<\/p>\n<p><span class=\"text1noticias\">Record\u00f3 que un libro integrado es una gu\u00eda de ense\u00f1anza para los estudiantes que adem\u00e1s sirve de supervisi\u00f3n acad\u00e9mica para los maestros.<\/span><\/p>\n<\/p>\n<p><span class=\"text1noticias\">Prometi\u00f3 que a partir de este lunes, conjuntamente con sus t\u00e9cnicos, demostrar\u00e1 que lo que se ha estado propalando carece de asideros ver\u00eddicos.<\/span><\/p>\n<\/p>\n<p><span class=\"text1noticias\">En otro orden,  Melaneo paredes asegur\u00f3 que no hay mayores problemas financieros con el Seguro para Maestros y dijo que lo que se ha producido no ha sido m\u00e1s un conflicto medi\u00e1tico entre la ADP y la administradora de la instituci\u00f3n Taina Gotreaux.<\/span><\/p>\n<h6> 2010-11-28 17:17:42 <\/h6>\n<p><!--\n<link rel=\"stylesheet\" href=\"css\/bootstrap.min.css\">\n\n\n<ul class=\"pagination\">\n\t    \n\t\n\n<li >\n\t<a href='?page_no=30404'>Previous<\/a>\n\t<\/li>\n\n\n       \n    \n\n<li><a href='?page_no=1'>1<\/a><\/li>\n\n\n\n<li><a href='?page_no=2'>2<\/a><\/li>\n\n\n\n<li><a>...<\/a><\/li>\n\n\n\n<li><a href='?page_no=30403'>30403<\/a><\/li>\n\n\n\n<li><a href='?page_no=30404'>30404<\/a><\/li>\n\n\n\n<li class='active'><a>30405<\/a><\/li>\n\n\n\n<li><a href='?page_no=30406'>30406<\/a><\/li>\n\n\n\n<li><a href='?page_no=30407'>30407<\/a><\/li>\n\n\n\n<li><a>...<\/a><\/li>\n\n\n\n<li><a href='?page_no=31963'>31963<\/a><\/li>\n\n\n\n<li><a href='?page_no=31964'>31964<\/a><\/li>\n\n    \n\t\n\n<li >\n\t<a href='?page_no=30406'>Next<\/a>\n\t<\/li>\n\n\n    \n\n<li><a href='?page_no=31964'>Last &rsaquo;&rsaquo;<\/a><\/li>\n\n<\/ul>\n\n\n--><br \/>\n<\/body><\/p>\n","protected":false},"excerpt":{"rendered":"<p>Santo Domingo.- El Ministro de Educaci\u00f3n calific\u00f3 como una tergiversaci\u00f3n de la realidad la versi\u00f3n puesta a circular por acad\u00e9micos en el sentido de que el nuevo texto integrado elimina la ense\u00f1anza de la Lengua Espa\u00f1ola. Melaneo Paredes dijo estar dispuesto a debatir con sus t\u00e9cnicos con quienes sostienen semejante criterio. Insisti\u00f3 en que lo [&hellip;]<\/p>\n","protected":false},"author":3,"featured_media":0,"comment_status":"open","ping_status":"open","sticky":false,"template":"","format":"standard","meta":{"footnotes":""},"categories":[24],"tags":[],"class_list":["post-155237","post","type-post","status-publish","format-standard","hentry","category-justicia-y-derecho"],"_links":{"self":[{"href":"https:\/\/diariodominicano.com\/index.php?rest_route=\/wp\/v2\/posts\/155237","targetHints":{"allow":["GET"]}}],"collection":[{"href":"https:\/\/diariodominicano.com\/index.php?rest_route=\/wp\/v2\/posts"}],"about":[{"href":"https:\/\/diariodominicano.com\/index.php?rest_route=\/wp\/v2\/types\/post"}],"author":[{"embeddable":true,"href":"https:\/\/diariodominicano.com\/index.php?rest_route=\/wp\/v2\/users\/3"}],"replies":[{"embeddable":true,"href":"https:\/\/diariodominicano.com\/index.php?rest_route=%2Fwp%2Fv2%2Fcomments&post=155237"}],"version-history":[{"count":0,"href":"https:\/\/diariodominicano.com\/index.php?rest_route=\/wp\/v2\/posts\/155237\/revisions"}],"wp:attachment":[{"href":"https:\/\/diariodominicano.com\/index.php?rest_route=%2Fwp%2Fv2%2Fmedia&parent=155237"}],"wp:term":[{"taxonomy":"category","embeddable":true,"href":"https:\/\/diariodominicano.com\/index.php?rest_route=%2Fwp%2Fv2%2Fcategories&post=155237"},{"taxonomy":"post_tag","embeddable":true,"href":"https:\/\/diariodominicano.com\/index.php?rest_route=%2Fwp%2Fv2%2Ftags&post=155237"}],"curies":[{"name":"wp","href":"https:\/\/api.w.org\/{rel}","templated":true}]}}