{"id":155235,"date":"2010-11-29T14:08:54","date_gmt":"2010-11-29T14:08:54","guid":{"rendered":"http:\/\/diariodominicano.ddns.net\/?p=155235"},"modified":"2010-11-29T14:08:54","modified_gmt":"2010-11-29T14:08:54","slug":"presidente-fernandez-encabezara-jornada-contra-el-colera","status":"publish","type":"post","link":"https:\/\/diariodominicano.com\/?p=155235","title":{"rendered":"&#13;Presidente Fern\u00e1ndez encabezar\u00e1 jornada contra el c\u00f3lera"},"content":{"rendered":"<p><body><\/p>\n<p><img decoding=\"async\" src=\"http:\/\/localhost:8080\/justiciayderecho\/img3\/Leonel pensando.jpg\" \/>  <\/p>\n<\/p>\n<p><span class=\"text1noticias\">Santo Domingo, 29 Nov 2010.-El presidente Leonel Fern\u00e1ndez encabezar\u00e1 este martes junto al ministro de Salud P\u00fablica  la gran jornada nacional de educaci\u00f3n y prevenci\u00f3n contra c\u00f3lera.  <\/span><\/p>\n<p><span class=\"text1noticias\">Bautista Rojas G\u00f3mez al dar la informaci\u00f3n dijo que en  la actividad  participar\u00e1n m\u00e1s de 100 mil voluntarios en toda la geograf\u00eda nacional.  <\/span><\/p>\n<\/p>\n<p><span class=\"text1noticias\">Manifest\u00f3 que ya Salud P\u00fablica  ha distribuido alrededor de 5 millones de unidades de material preventivo, en los idiomas espa\u00f1ol y creol, en aras de llegar a un mill\u00f3n de familias.<\/span><\/p>\n<\/p>\n<p><span class=\"text1noticias\">Expres\u00f3 que hasta este domingo s\u00f3lo se ha detectado un nuevo caso de c\u00f3lera, el de una ni\u00f1a dominicana de cinco a\u00f1os, la cual se encuentra estable y en su casa,  que es  prima del ni\u00f1o de 12 a\u00f1os y que pertenecen a una misma familia que adquiri\u00f3 la bacteria. <\/span><\/p>\n<\/p>\n<p><span class=\"text1noticias\">\u00abCon la persona sospechosa de transmitir la enfermedad estamos haciendo el recorrido que \u00e9l hace diario en su trabajo (recogiendo basura), para determinar el origen de la bacteria\u00bb, puntualiz\u00f3 Rojas G\u00f3mez, tras precisar que hasta ahora suman siete los casos y no se registran nuevos sospechosos.<\/span><\/p>\n<p><span class=\"text1noticias\">Respecto a la movilizaci\u00f3n preventiva, el funcionario adelant\u00f3 que la log\u00edstica ha sido montada para garantizar su \u00e9xito y cuenta con el apoyo de entidades gubernamentales, la sociedad civil, la Oficina Panamericana de la Salud (OPS), Colegio M\u00e9dico Dominicano (CMD), los ayuntamientos, los sindicatos de transporte y la Sociedad Dominicana de Infectolog\u00eda, entre otras entidades, que llevar\u00e1n afiches e informaci\u00f3n.<\/span><\/p>\n<\/p>\n<p><em><strong><span class=\"text1noticias\">Apoyo publicitario:<\/span><\/strong><\/em><\/p>\n<\/p>\n<p><span class=\"text1noticias\">Tras revelar que  UNICEF   ha dado todas las sales de rehidrataci\u00f3n oral  y empresas privadas  facilitan materiales gastables, Rojas G\u00f3mez  adelant\u00f3 que una  compa\u00f1\u00eda de refrescos colocar\u00e1 100 mil afiches, cediendo el 40 por ciento de su publicidad para combatir el c\u00f3lera.<\/span><\/p>\n<\/p>\n<p><span class=\"text1noticias\">Dijo que las autoridades de Salud P\u00fablica cuentan con una unidad que est\u00e1 manejando todo lo relativo a las donaciones y est\u00e1n aplicando un sistema \u00fanico de insumos y del \u00e1rea de transportaci\u00f3n para la  distribuci\u00f3n de los  materiales a todo el pa\u00eds.<\/span><\/p>\n<\/p>\n<p><span class=\"text1noticias\"> Rojas G\u00f3mez  agreg\u00f3 que est\u00e1n haciendo an\u00e1lisis en las \u00e1reas escolares a las que pertenecen los ni\u00f1os y donde quiera que reciban una  solicitud. <\/span><\/p>\n<h6> 2010-11-29 14:08:54 <\/h6>\n<p><!--\n<link rel=\"stylesheet\" href=\"css\/bootstrap.min.css\">\n\n\n<ul class=\"pagination\">\n\t    \n\t\n\n<li >\n\t<a href='?page_no=30402'>Previous<\/a>\n\t<\/li>\n\n\n       \n    \n\n<li><a href='?page_no=1'>1<\/a><\/li>\n\n\n\n<li><a href='?page_no=2'>2<\/a><\/li>\n\n\n\n<li><a>...<\/a><\/li>\n\n\n\n<li><a href='?page_no=30401'>30401<\/a><\/li>\n\n\n\n<li><a href='?page_no=30402'>30402<\/a><\/li>\n\n\n\n<li class='active'><a>30403<\/a><\/li>\n\n\n\n<li><a href='?page_no=30404'>30404<\/a><\/li>\n\n\n\n<li><a href='?page_no=30405'>30405<\/a><\/li>\n\n\n\n<li><a>...<\/a><\/li>\n\n\n\n<li><a href='?page_no=31963'>31963<\/a><\/li>\n\n\n\n<li><a href='?page_no=31964'>31964<\/a><\/li>\n\n    \n\t\n\n<li >\n\t<a href='?page_no=30404'>Next<\/a>\n\t<\/li>\n\n\n    \n\n<li><a href='?page_no=31964'>Last &rsaquo;&rsaquo;<\/a><\/li>\n\n<\/ul>\n\n\n--><br \/>\n<\/body><\/p>\n","protected":false},"excerpt":{"rendered":"<p>Santo Domingo, 29 Nov 2010.-El presidente Leonel Fern\u00e1ndez encabezar\u00e1 este martes junto al ministro de Salud P\u00fablica la gran jornada nacional de educaci\u00f3n y prevenci\u00f3n contra c\u00f3lera. Bautista Rojas G\u00f3mez al dar la informaci\u00f3n dijo que en la actividad participar\u00e1n m\u00e1s de 100 mil voluntarios en toda la geograf\u00eda nacional. Manifest\u00f3 que ya Salud P\u00fablica [&hellip;]<\/p>\n","protected":false},"author":3,"featured_media":0,"comment_status":"open","ping_status":"open","sticky":false,"template":"","format":"standard","meta":{"footnotes":""},"categories":[24],"tags":[],"class_list":["post-155235","post","type-post","status-publish","format-standard","hentry","category-justicia-y-derecho"],"_links":{"self":[{"href":"https:\/\/diariodominicano.com\/index.php?rest_route=\/wp\/v2\/posts\/155235","targetHints":{"allow":["GET"]}}],"collection":[{"href":"https:\/\/diariodominicano.com\/index.php?rest_route=\/wp\/v2\/posts"}],"about":[{"href":"https:\/\/diariodominicano.com\/index.php?rest_route=\/wp\/v2\/types\/post"}],"author":[{"embeddable":true,"href":"https:\/\/diariodominicano.com\/index.php?rest_route=\/wp\/v2\/users\/3"}],"replies":[{"embeddable":true,"href":"https:\/\/diariodominicano.com\/index.php?rest_route=%2Fwp%2Fv2%2Fcomments&post=155235"}],"version-history":[{"count":0,"href":"https:\/\/diariodominicano.com\/index.php?rest_route=\/wp\/v2\/posts\/155235\/revisions"}],"wp:attachment":[{"href":"https:\/\/diariodominicano.com\/index.php?rest_route=%2Fwp%2Fv2%2Fmedia&parent=155235"}],"wp:term":[{"taxonomy":"category","embeddable":true,"href":"https:\/\/diariodominicano.com\/index.php?rest_route=%2Fwp%2Fv2%2Fcategories&post=155235"},{"taxonomy":"post_tag","embeddable":true,"href":"https:\/\/diariodominicano.com\/index.php?rest_route=%2Fwp%2Fv2%2Ftags&post=155235"}],"curies":[{"name":"wp","href":"https:\/\/api.w.org\/{rel}","templated":true}]}}