{"id":155232,"date":"2010-11-29T17:42:02","date_gmt":"2010-11-29T17:42:02","guid":{"rendered":"http:\/\/diariodominicano.ddns.net\/?p=155232"},"modified":"2010-11-29T17:42:02","modified_gmt":"2010-11-29T17:42:02","slug":"presidente-fernandez-inaugurara-este-martes-obras-por-mas-rd-764-millones-en-el-este","status":"publish","type":"post","link":"https:\/\/diariodominicano.com\/?p=155232","title":{"rendered":"Presidente Fern\u00e1ndez  inaugurar\u00e1 este martes obras por m\u00e1s RD$ 764 millones en el Este&#13;"},"content":{"rendered":"<p><body><\/p>\n<p><span class=\"text1noticias\">Santo Domingo, 29 nov 2010.- El presidente Leonel Fern\u00e1ndez inaugurar\u00e1 este martes  obras por m\u00e1s de 764 millones de pesos, construidas por el Instituto Nacional de Aguas Potables y Alcantarillados (INAPA), en la regi\u00f3n Este del pa\u00eds.<\/span><\/p>\n<\/p>\n<p><span class=\"text1noticias\">El acto est\u00e1 pautado para las 11:00 de la ma\u00f1ana, en el \u00e1rea de la majestuosa planta de tratamiento de aguas residuales, en San Pedro de Macor\u00eds, construida a un costo superior a los 521 millones 468 mil pesos, y de la cual 303 mil 479 personas ser\u00e1n beneficiadas.<\/span><\/p>\n<\/p>\n<p><span class=\"text1noticias\">El ingeniero Mariano Germ\u00e1n, Director Ejecutivo del INAPA,  al ofrecer la informaci\u00f3n dijo que entre las dem\u00e1s obras a ser inauguradas figuran los acueductos de Boca de Yuma y San Rafael del Yuma, y el mejoramiento del acueducto Higuey-El Macao, en la provincia La Altagracia.<\/span><\/p>\n<\/p>\n<p><span class=\"text1noticias\">Tambi\u00e9n los acueductos El Cedro y Miches, as\u00ed como la rehabilitaci\u00f3n del sistema de alcantarillado sanitario de El Seibo, en la provincia del mismo nombre; y en los cuales hubo una inversi\u00f3n total de 87 millones 743 mil ochenta y ocho pesos con 34 centavos.<\/span><\/p>\n<\/p>\n<p><span class=\"text1noticias\">Otras obras a ser entregadas en la regi\u00f3n Este del pa\u00eds est\u00e1n localizadas en la provincia Monte Plata, donde quedar\u00e1n en operaci\u00f3n el mejoramiento de los acueductos de Sabana Grande de Boya; el Rinc\u00f3n Claro, Hacienda Estrella y el del municipio cabecera, Monte Plata.<\/span><\/p>\n<\/p>\n<p><span class=\"text1noticias\">Estas nuevas obras elevar\u00e1n a 30 el n\u00famero de entregadas por el INAPA en este a\u00f1o 2010, a favor de miles de personas en distintos puntos de las regiones Norte, Sur y Este del pa\u00eds.<\/span><\/p>\n<\/p>\n<p><span class=\"text1noticias\">Agreg\u00f3 que el conjunto de obras que ser\u00e1n inaugurada este martes beneficiaran a unas 407 mil 743 personas en la regi\u00f3n<\/span><\/p>\n<\/p>\n<h6> 2010-11-29 17:42:02 <\/h6>\n<p><!--\n<link rel=\"stylesheet\" href=\"css\/bootstrap.min.css\">\n\n\n<ul class=\"pagination\">\n\t    \n\t\n\n<li >\n\t<a href='?page_no=30399'>Previous<\/a>\n\t<\/li>\n\n\n       \n    \n\n<li><a href='?page_no=1'>1<\/a><\/li>\n\n\n\n<li><a href='?page_no=2'>2<\/a><\/li>\n\n\n\n<li><a>...<\/a><\/li>\n\n\n\n<li><a href='?page_no=30398'>30398<\/a><\/li>\n\n\n\n<li><a href='?page_no=30399'>30399<\/a><\/li>\n\n\n\n<li class='active'><a>30400<\/a><\/li>\n\n\n\n<li><a href='?page_no=30401'>30401<\/a><\/li>\n\n\n\n<li><a href='?page_no=30402'>30402<\/a><\/li>\n\n\n\n<li><a>...<\/a><\/li>\n\n\n\n<li><a href='?page_no=31963'>31963<\/a><\/li>\n\n\n\n<li><a href='?page_no=31964'>31964<\/a><\/li>\n\n    \n\t\n\n<li >\n\t<a href='?page_no=30401'>Next<\/a>\n\t<\/li>\n\n\n    \n\n<li><a href='?page_no=31964'>Last &rsaquo;&rsaquo;<\/a><\/li>\n\n<\/ul>\n\n\n--><br \/>\n<\/body><\/p>\n","protected":false},"excerpt":{"rendered":"<p>Santo Domingo, 29 nov 2010.- El presidente Leonel Fern\u00e1ndez inaugurar\u00e1 este martes obras por m\u00e1s de 764 millones de pesos, construidas por el Instituto Nacional de Aguas Potables y Alcantarillados (INAPA), en la regi\u00f3n Este del pa\u00eds. El acto est\u00e1 pautado para las 11:00 de la ma\u00f1ana, en el \u00e1rea de la majestuosa planta de [&hellip;]<\/p>\n","protected":false},"author":3,"featured_media":0,"comment_status":"open","ping_status":"open","sticky":false,"template":"","format":"standard","meta":{"footnotes":""},"categories":[24],"tags":[],"class_list":["post-155232","post","type-post","status-publish","format-standard","hentry","category-justicia-y-derecho"],"_links":{"self":[{"href":"https:\/\/diariodominicano.com\/index.php?rest_route=\/wp\/v2\/posts\/155232","targetHints":{"allow":["GET"]}}],"collection":[{"href":"https:\/\/diariodominicano.com\/index.php?rest_route=\/wp\/v2\/posts"}],"about":[{"href":"https:\/\/diariodominicano.com\/index.php?rest_route=\/wp\/v2\/types\/post"}],"author":[{"embeddable":true,"href":"https:\/\/diariodominicano.com\/index.php?rest_route=\/wp\/v2\/users\/3"}],"replies":[{"embeddable":true,"href":"https:\/\/diariodominicano.com\/index.php?rest_route=%2Fwp%2Fv2%2Fcomments&post=155232"}],"version-history":[{"count":0,"href":"https:\/\/diariodominicano.com\/index.php?rest_route=\/wp\/v2\/posts\/155232\/revisions"}],"wp:attachment":[{"href":"https:\/\/diariodominicano.com\/index.php?rest_route=%2Fwp%2Fv2%2Fmedia&parent=155232"}],"wp:term":[{"taxonomy":"category","embeddable":true,"href":"https:\/\/diariodominicano.com\/index.php?rest_route=%2Fwp%2Fv2%2Fcategories&post=155232"},{"taxonomy":"post_tag","embeddable":true,"href":"https:\/\/diariodominicano.com\/index.php?rest_route=%2Fwp%2Fv2%2Ftags&post=155232"}],"curies":[{"name":"wp","href":"https:\/\/api.w.org\/{rel}","templated":true}]}}