{"id":155231,"date":"2010-11-29T20:01:06","date_gmt":"2010-11-29T20:01:06","guid":{"rendered":"http:\/\/diariodominicano.ddns.net\/?p=155231"},"modified":"2010-11-29T20:01:06","modified_gmt":"2010-11-29T20:01:06","slug":"gobierno-presenta-hoja-de-ruta-para-la-erradicacion-del-trabajo-infantil-en-rd","status":"publish","type":"post","link":"https:\/\/diariodominicano.com\/?p=155231","title":{"rendered":"Gobierno presenta hoja de ruta para la erradicaci\u00f3n del trabajo infantil en RD"},"content":{"rendered":"<p><body><\/p>\n<p><img decoding=\"async\" src=\"http:\/\/localhost:8080\/justiciayderecho\/img3\/max puig mapa.JPG\" \/>  <\/p>\n<\/p>\n<p><span class=\"text1noticias\">Santo Domingo.- El ministerio de Trabajo, licenciado Max Puig,  present\u00f3 este lunes el Programa de Acci\u00f3n de la Hoja de Trabajo que favorecer\u00e1 que la Rep\u00fablica Dominicana sea considerada una de las naciones libres de trabajo infantil.<\/span><\/p>\n<\/p>\n<p><span class=\"text1noticias\">El funcionario explic\u00f3 que el objetivo fundamental de la presentaci\u00f3n de dicha hoja de ruta es ratificar el compromiso que tiene el pa\u00eds para erradicar las peores formas del trabajo infantil, meta propuesta para el 2015.<\/span><\/p>\n<\/p>\n<p><span class=\"text1noticias\">\u00abLa hoja de ruta es el compromiso del pa\u00eds para hacer de la Rep\u00fablica Dominicana libre de las peores formas de trabajo infantil al 2015 y de trabajo infantil al 2020, en el marco de la agenda hemisf\u00e9rica de desarrollo\u00bb, precis\u00f3.<\/span><\/p>\n<\/p>\n<p><span class=\"text1noticias\">Al respecto, Puig afirm\u00f3 que el inicio de la operativizaci\u00f3n de la hoja de ruta es propicio para anunciar el compromiso gubernamental y privado para enfrentar los desaf\u00edos del pa\u00eds en relaci\u00f3n a lograr las metas, propuestas y detalles en el plan operativo. <\/span><\/p>\n<\/p>\n<p><span class=\"text1noticias\">El ministro de Trabajo comunic\u00f3 que es necesario el cumplimiento de las tareas fundamentales en la Hoja de Ruta por todos los sectores involucrados en el proceso, que envuelve una alta sensibilidad humana. \u00abEs lo que nos habr\u00e1 de conducir a lograr las metas de eliminar las peores formas de trabajo infantil en la Rep\u00fablica Dominicana\u00bb, agreg\u00f3.<\/span><\/p>\n<\/p>\n<p><span class=\"text1noticias\">A la actividad, desarrollada en el Sal\u00f3n Verde del Palacio Nacional, asistieron representantes laborales, empresarios as\u00ed como miembros del Comit\u00e9 Directivo Nacional de la lucha contra el trabajo infantil.<\/span><\/p>\n<p><span class=\"text1noticias\">Tambi\u00e9n representantes de la sociedad civil organizada y de organismos internacionales como la Organizaci\u00f3n Internacional del Trabajo, ONUSIDA y UNICEF.<\/span><\/p>\n<\/p>\n<p><span class=\"text1noticias\">La representaci\u00f3n de la Organizaci\u00f3n Internacional del Trabajo estuvo a cargo de Virgilio Levaggi, director subregional, Jes\u00fas de la Pe\u00f1a, subregional del Programa Internacional contra el Trabajo Infantil, y Valerie Julliard, coordinadora residente del Programa de las Naciones Unidas para el Desarrollo en el pa\u00eds.<\/span><\/p>\n<h6> 2010-11-29 20:01:06 <\/h6>\n<p><!--\n<link rel=\"stylesheet\" href=\"css\/bootstrap.min.css\">\n\n\n<ul class=\"pagination\">\n\t    \n\t\n\n<li >\n\t<a href='?page_no=30398'>Previous<\/a>\n\t<\/li>\n\n\n       \n    \n\n<li><a href='?page_no=1'>1<\/a><\/li>\n\n\n\n<li><a href='?page_no=2'>2<\/a><\/li>\n\n\n\n<li><a>...<\/a><\/li>\n\n\n\n<li><a href='?page_no=30397'>30397<\/a><\/li>\n\n\n\n<li><a href='?page_no=30398'>30398<\/a><\/li>\n\n\n\n<li class='active'><a>30399<\/a><\/li>\n\n\n\n<li><a href='?page_no=30400'>30400<\/a><\/li>\n\n\n\n<li><a href='?page_no=30401'>30401<\/a><\/li>\n\n\n\n<li><a>...<\/a><\/li>\n\n\n\n<li><a href='?page_no=31963'>31963<\/a><\/li>\n\n\n\n<li><a href='?page_no=31964'>31964<\/a><\/li>\n\n    \n\t\n\n<li >\n\t<a href='?page_no=30400'>Next<\/a>\n\t<\/li>\n\n\n    \n\n<li><a href='?page_no=31964'>Last &rsaquo;&rsaquo;<\/a><\/li>\n\n<\/ul>\n\n\n--><br \/>\n<\/body><\/p>\n","protected":false},"excerpt":{"rendered":"<p>Santo Domingo.- El ministerio de Trabajo, licenciado Max Puig, present\u00f3 este lunes el Programa de Acci\u00f3n de la Hoja de Trabajo que favorecer\u00e1 que la Rep\u00fablica Dominicana sea considerada una de las naciones libres de trabajo infantil. El funcionario explic\u00f3 que el objetivo fundamental de la presentaci\u00f3n de dicha hoja de ruta es ratificar el [&hellip;]<\/p>\n","protected":false},"author":3,"featured_media":0,"comment_status":"open","ping_status":"open","sticky":false,"template":"","format":"standard","meta":{"footnotes":""},"categories":[24],"tags":[],"class_list":["post-155231","post","type-post","status-publish","format-standard","hentry","category-justicia-y-derecho"],"_links":{"self":[{"href":"https:\/\/diariodominicano.com\/index.php?rest_route=\/wp\/v2\/posts\/155231","targetHints":{"allow":["GET"]}}],"collection":[{"href":"https:\/\/diariodominicano.com\/index.php?rest_route=\/wp\/v2\/posts"}],"about":[{"href":"https:\/\/diariodominicano.com\/index.php?rest_route=\/wp\/v2\/types\/post"}],"author":[{"embeddable":true,"href":"https:\/\/diariodominicano.com\/index.php?rest_route=\/wp\/v2\/users\/3"}],"replies":[{"embeddable":true,"href":"https:\/\/diariodominicano.com\/index.php?rest_route=%2Fwp%2Fv2%2Fcomments&post=155231"}],"version-history":[{"count":0,"href":"https:\/\/diariodominicano.com\/index.php?rest_route=\/wp\/v2\/posts\/155231\/revisions"}],"wp:attachment":[{"href":"https:\/\/diariodominicano.com\/index.php?rest_route=%2Fwp%2Fv2%2Fmedia&parent=155231"}],"wp:term":[{"taxonomy":"category","embeddable":true,"href":"https:\/\/diariodominicano.com\/index.php?rest_route=%2Fwp%2Fv2%2Fcategories&post=155231"},{"taxonomy":"post_tag","embeddable":true,"href":"https:\/\/diariodominicano.com\/index.php?rest_route=%2Fwp%2Fv2%2Ftags&post=155231"}],"curies":[{"name":"wp","href":"https:\/\/api.w.org\/{rel}","templated":true}]}}