{"id":155230,"date":"2010-11-29T20:14:47","date_gmt":"2010-11-29T20:14:47","guid":{"rendered":"http:\/\/diariodominicano.ddns.net\/?p=155230"},"modified":"2010-11-29T20:14:47","modified_gmt":"2010-11-29T20:14:47","slug":"surge-movimiento-de-respaldo-al-gobierno-en-el-sector-educativo","status":"publish","type":"post","link":"https:\/\/diariodominicano.com\/?p=155230","title":{"rendered":"Surge Movimiento de respaldo al gobierno en el sector Educativo"},"content":{"rendered":"<p><body><\/p>\n<\/p>\n<p><span class=\"text1noticias\"> Alegan que las autoridades cumplen con la ley de Educaci\u00f3n <\/span><\/p>\n<p><span class=\"text1noticias\"> <\/span><\/p>\n<p><span class=\"text1noticias\">Por Roberto Rodr\u00edguez <\/span><\/p>\n<p><span class=\"text1noticias\"> <\/span><\/p>\n<p><span class=\"text1noticias\"> <\/span><\/p>\n<p><span class=\"text1noticias\">Santo Domingo.- Sendas protestas fueron escenificadas este lunes en dos puntos de la capital en rechazo a la demanda que han venido haciendo varias organizaciones para que el gobierno cumpla el 4% para la educaci\u00f3n.<\/span><\/p>\n<\/p>\n<p><span class=\"text1noticias\">Los j\u00f3venes  agrupados en el  denominado movimiento \u00abJoven por mi patria\u00bb realizaron una jornada de protesta e las inmediaciones del Palacio Nacional y en la Plaza Bol\u00edvar  l en rechazo a las demandas que vienen realizando varios sectores por el cumplimiento del 4% del Producto Interno Bruto (PIB) a educaci\u00f3n.<\/span><\/p>\n<\/p>\n<p><span class=\"text1noticias\">Teddy de los Santos, quien actu\u00f3 como vocero de los j\u00f3venes aleg\u00f3  que  los integrantes del movimiento \u00abToy Jarto\u00bb est\u00e1n siendo financiados por sectores que no identificaron con el firme prop\u00f3sito de perjudicar al Gobierno en las ejecutorias educativas que realiza. <\/span><\/p>\n<\/p>\n<p><span class=\"text1noticias\">Seg\u00fan explico al ser cuestionado por periodistas  dijo que el Gobierno destina m\u00e1s del 4% del Presupuesto a Educaci\u00f3n, con la construcci\u00f3n de aulas, el suministro del desayuno escolar, entrega de becas, entre otros beneficios que est\u00e1n siendo llevados a la escuela dominicana.<\/span><\/p>\n<\/p>\n<p><span class=\"text1noticias\">El vocero del denominado Movimiento Joven Por Mi Patria inst\u00f3 a los sectores que han venido reclamando el aumento de un 4 por ciento para la educaci\u00f3n a sentarse en la mesa del di\u00e1logo y buscar soluciones para mejorar el sistema educativo nacional.<\/span><\/p>\n<\/p>\n<p><span class=\"text1noticias\">Dijo adem\u00e1s  que 5,000 j\u00f3venes est\u00e1n protestando de manera simult\u00e1nea a nivel nacional con el fin de hacer sentir su voz en la educaci\u00f3n que han venido implementando las actuales autoridades.<\/span><\/p>\n<\/p>\n<h6> 2010-11-29 20:14:47 <\/h6>\n<p><!--\n<link rel=\"stylesheet\" href=\"css\/bootstrap.min.css\">\n\n\n<ul class=\"pagination\">\n\t    \n\t\n\n<li >\n\t<a href='?page_no=30397'>Previous<\/a>\n\t<\/li>\n\n\n       \n    \n\n<li><a href='?page_no=1'>1<\/a><\/li>\n\n\n\n<li><a href='?page_no=2'>2<\/a><\/li>\n\n\n\n<li><a>...<\/a><\/li>\n\n\n\n<li><a href='?page_no=30396'>30396<\/a><\/li>\n\n\n\n<li><a href='?page_no=30397'>30397<\/a><\/li>\n\n\n\n<li class='active'><a>30398<\/a><\/li>\n\n\n\n<li><a href='?page_no=30399'>30399<\/a><\/li>\n\n\n\n<li><a href='?page_no=30400'>30400<\/a><\/li>\n\n\n\n<li><a>...<\/a><\/li>\n\n\n\n<li><a href='?page_no=31963'>31963<\/a><\/li>\n\n\n\n<li><a href='?page_no=31964'>31964<\/a><\/li>\n\n    \n\t\n\n<li >\n\t<a href='?page_no=30399'>Next<\/a>\n\t<\/li>\n\n\n    \n\n<li><a href='?page_no=31964'>Last &rsaquo;&rsaquo;<\/a><\/li>\n\n<\/ul>\n\n\n--><br \/>\n<\/body><\/p>\n","protected":false},"excerpt":{"rendered":"<p>Alegan que las autoridades cumplen con la ley de Educaci\u00f3n Por Roberto Rodr\u00edguez Santo Domingo.- Sendas protestas fueron escenificadas este lunes en dos puntos de la capital en rechazo a la demanda que han venido haciendo varias organizaciones para que el gobierno cumpla el 4% para la educaci\u00f3n. Los j\u00f3venes agrupados en el denominado movimiento [&hellip;]<\/p>\n","protected":false},"author":3,"featured_media":0,"comment_status":"open","ping_status":"open","sticky":false,"template":"","format":"standard","meta":{"footnotes":""},"categories":[24],"tags":[],"class_list":["post-155230","post","type-post","status-publish","format-standard","hentry","category-justicia-y-derecho"],"_links":{"self":[{"href":"https:\/\/diariodominicano.com\/index.php?rest_route=\/wp\/v2\/posts\/155230","targetHints":{"allow":["GET"]}}],"collection":[{"href":"https:\/\/diariodominicano.com\/index.php?rest_route=\/wp\/v2\/posts"}],"about":[{"href":"https:\/\/diariodominicano.com\/index.php?rest_route=\/wp\/v2\/types\/post"}],"author":[{"embeddable":true,"href":"https:\/\/diariodominicano.com\/index.php?rest_route=\/wp\/v2\/users\/3"}],"replies":[{"embeddable":true,"href":"https:\/\/diariodominicano.com\/index.php?rest_route=%2Fwp%2Fv2%2Fcomments&post=155230"}],"version-history":[{"count":0,"href":"https:\/\/diariodominicano.com\/index.php?rest_route=\/wp\/v2\/posts\/155230\/revisions"}],"wp:attachment":[{"href":"https:\/\/diariodominicano.com\/index.php?rest_route=%2Fwp%2Fv2%2Fmedia&parent=155230"}],"wp:term":[{"taxonomy":"category","embeddable":true,"href":"https:\/\/diariodominicano.com\/index.php?rest_route=%2Fwp%2Fv2%2Fcategories&post=155230"},{"taxonomy":"post_tag","embeddable":true,"href":"https:\/\/diariodominicano.com\/index.php?rest_route=%2Fwp%2Fv2%2Ftags&post=155230"}],"curies":[{"name":"wp","href":"https:\/\/api.w.org\/{rel}","templated":true}]}}