{"id":155229,"date":"2010-11-29T20:16:50","date_gmt":"2010-11-29T20:16:50","guid":{"rendered":"http:\/\/diariodominicano.ddns.net\/?p=155229"},"modified":"2010-11-29T20:16:50","modified_gmt":"2010-11-29T20:16:50","slug":"comision-de-diputados-continuo-este-lunes-evaluando-aspirantes-defensor-del-pueblo","status":"publish","type":"post","link":"https:\/\/diariodominicano.com\/?p=155229","title":{"rendered":"&#13;&#13;Comisi\u00f3n de diputados continu\u00f3 este lunes evaluando aspirantes Defensor del Pueblo"},"content":{"rendered":"<p><body><\/p>\n<\/p>\n<p><span class=\"text1noticias\">Santo Domingo.- La comisi\u00f3n designada por la C\u00e1mara de Diputados contin\u00fao este lunes la evaluaci\u00f3n de candidatos para elegir el Defensor del Pueblo, y esta ma\u00f1ana fueron escuchados 20 aspirante a esa posici\u00f3n.<\/span><\/p>\n<\/p>\n<p><span class=\"text1noticias\">Teodoro Ursino Reyes, quien preside la comisi\u00f3n evaluadora junto a los 14 miembros que conforman la misma  dio la l bienvenida a los participantes, quienes coincidieron en se\u00f1alar que a la ciudadan\u00eda hay que educarla respecto a la importancia de la Defensor\u00eda del Pueblo.<\/span><\/p>\n<\/p>\n<p><span class=\"text1noticias\">Los legisladores escucharon los planteamientos y pareceres de Jos\u00e9 Mar\u00eda Hasbun Romero, \u00c1ngel Manuel Hern\u00e1ndez Then, Carlos Manuel Hern\u00e1ndez Cabrera, Francisco Ram\u00f3n Infante Pe\u00f1a, Socorro Jim\u00e9nez, Ram\u00f3n Oscar L\u00f3pez pe\u00f1a, Jos\u00e9 Rafael Santiago Luna Rodr\u00edguez, Pedro Manzueta Bel\u00e9n, Clara Mercedes Marcano, Marlene Mart\u00ednez Paulino, Ram\u00f3n Mart\u00ednez Portorreal, Ana Mercedes Medos Veloz, Federico Antonio Mej\u00eda Sarmiento.<\/span><\/p>\n<\/p>\n<p><span class=\"text1noticias\">Tambi\u00e9n Janio Moquete M\u00e9ndez, Licet Mora Ram\u00edrez, Nolia Mustaf\u00e1, Irma Nicasio Rodr\u00edguez, Dar\u00edo Antonio Nin, Nelson Norman Williams.<\/span><\/p>\n<\/p>\n<p><span class=\"text1noticias\">Ursino Reyes dijo que este mes de diciembre la comisi\u00f3n  estudiar\u00e1 expediente por expedientes, a fin de hacer su propuesta mediante informe al hemiciclo cameral, para que posteriormente, el Senado de la Rep\u00fablica, designe al Defensor del Pueblo y sus adjuntos.<\/span><\/p>\n<\/p>\n<p><span class=\"text1noticias\">La comisi\u00f3n de diputados responsable de elegir las ternas est\u00e1 conformada, adem\u00e1s de Teodoro Ursino Reyes, por Cristian Paredes, Minerva Tavares Mirabal, Radham\u00e9s Camacho, Carlos Gabriel Garc\u00eda, N\u00e9stor Julio Cruz Pichardo y Hugo Tolentino Dipp, Carlos Guzm\u00e1n, Manuel Elpidio B\u00e1ez, Mirian Cabral, Josefa Castillo, Hugo N\u00fa\u00f1ez, M\u00e1ximo Castro Silverio, Yuderka de la Rosa y Magda Rodr\u00edguez.<\/span><\/p>\n<\/p>\n<p><span class=\"text1noticias\">Las vistas p\u00fablicas continuar\u00e1n el este martes, en el sal\u00f3n de la Asamblea Nacional y a las mismas est\u00e1n convocados 20 aspirantes.<\/span><\/p>\n<p><span class=\"text1noticias\">| <\/span><\/p>\n<p><span class=\"text1noticias\">Conforme  la Constituci\u00f3n, ?el Defensor del Pueblo es una autoridad independiente en sus funciones, con autonom\u00eda administrativa y presupuestaria y su funci\u00f3n esencial es salvaguardar los derechos fundamentales de las personas y los intereses colectivos y difusos establecidos en la Constituci\u00f3n.<\/span><\/p>\n<\/p>\n<\/p>\n<\/p>\n<\/p>\n<\/p>\n<\/p>\n<\/p>\n<h6> 2010-11-29 20:16:50 <\/h6>\n<p><!--\n<link rel=\"stylesheet\" href=\"css\/bootstrap.min.css\">\n\n\n<ul class=\"pagination\">\n\t    \n\t\n\n<li >\n\t<a href='?page_no=30396'>Previous<\/a>\n\t<\/li>\n\n\n       \n    \n\n<li><a href='?page_no=1'>1<\/a><\/li>\n\n\n\n<li><a href='?page_no=2'>2<\/a><\/li>\n\n\n\n<li><a>...<\/a><\/li>\n\n\n\n<li><a href='?page_no=30395'>30395<\/a><\/li>\n\n\n\n<li><a href='?page_no=30396'>30396<\/a><\/li>\n\n\n\n<li class='active'><a>30397<\/a><\/li>\n\n\n\n<li><a href='?page_no=30398'>30398<\/a><\/li>\n\n\n\n<li><a href='?page_no=30399'>30399<\/a><\/li>\n\n\n\n<li><a>...<\/a><\/li>\n\n\n\n<li><a href='?page_no=31963'>31963<\/a><\/li>\n\n\n\n<li><a href='?page_no=31964'>31964<\/a><\/li>\n\n    \n\t\n\n<li >\n\t<a href='?page_no=30398'>Next<\/a>\n\t<\/li>\n\n\n    \n\n<li><a href='?page_no=31964'>Last &rsaquo;&rsaquo;<\/a><\/li>\n\n<\/ul>\n\n\n--><br \/>\n<\/body><\/p>\n","protected":false},"excerpt":{"rendered":"<p>Santo Domingo.- La comisi\u00f3n designada por la C\u00e1mara de Diputados contin\u00fao este lunes la evaluaci\u00f3n de candidatos para elegir el Defensor del Pueblo, y esta ma\u00f1ana fueron escuchados 20 aspirante a esa posici\u00f3n. Teodoro Ursino Reyes, quien preside la comisi\u00f3n evaluadora junto a los 14 miembros que conforman la misma dio la l bienvenida a [&hellip;]<\/p>\n","protected":false},"author":3,"featured_media":0,"comment_status":"open","ping_status":"open","sticky":false,"template":"","format":"standard","meta":{"footnotes":""},"categories":[24],"tags":[],"class_list":["post-155229","post","type-post","status-publish","format-standard","hentry","category-justicia-y-derecho"],"_links":{"self":[{"href":"https:\/\/diariodominicano.com\/index.php?rest_route=\/wp\/v2\/posts\/155229","targetHints":{"allow":["GET"]}}],"collection":[{"href":"https:\/\/diariodominicano.com\/index.php?rest_route=\/wp\/v2\/posts"}],"about":[{"href":"https:\/\/diariodominicano.com\/index.php?rest_route=\/wp\/v2\/types\/post"}],"author":[{"embeddable":true,"href":"https:\/\/diariodominicano.com\/index.php?rest_route=\/wp\/v2\/users\/3"}],"replies":[{"embeddable":true,"href":"https:\/\/diariodominicano.com\/index.php?rest_route=%2Fwp%2Fv2%2Fcomments&post=155229"}],"version-history":[{"count":0,"href":"https:\/\/diariodominicano.com\/index.php?rest_route=\/wp\/v2\/posts\/155229\/revisions"}],"wp:attachment":[{"href":"https:\/\/diariodominicano.com\/index.php?rest_route=%2Fwp%2Fv2%2Fmedia&parent=155229"}],"wp:term":[{"taxonomy":"category","embeddable":true,"href":"https:\/\/diariodominicano.com\/index.php?rest_route=%2Fwp%2Fv2%2Fcategories&post=155229"},{"taxonomy":"post_tag","embeddable":true,"href":"https:\/\/diariodominicano.com\/index.php?rest_route=%2Fwp%2Fv2%2Ftags&post=155229"}],"curies":[{"name":"wp","href":"https:\/\/api.w.org\/{rel}","templated":true}]}}