{"id":155228,"date":"2010-11-29T20:20:18","date_gmt":"2010-11-29T20:20:18","guid":{"rendered":"http:\/\/diariodominicano.ddns.net\/?p=155228"},"modified":"2010-11-29T20:20:18","modified_gmt":"2010-11-29T20:20:18","slug":"todo-listo-para-la-gran-jornada-este-martes-prevencion-colera","status":"publish","type":"post","link":"https:\/\/diariodominicano.com\/?p=155228","title":{"rendered":"&#13;&#13;Todo listo para la gran jornada este martes  prevenci\u00f3n c\u00f3lera"},"content":{"rendered":"<p><body><\/p>\n<p><img decoding=\"async\" src=\"http:\/\/localhost:8080\/justiciayderecho\/img3\/bautista_rojas_gomez.jpg\" \/>  <\/p>\n<p><span class=\"text1noticias\">Santo Domingo.- El Ministro de Salud P\u00fablica inform\u00f3 que todo est\u00e1 listo para llevar a cabo este martes la \u00abJornada Nacional de Educaci\u00f3n y Prevenci\u00f3n de C\u00f3lera\u00bb en la que se proyecta visitar un mill\u00f3n de familias e involucrar  unos 100 mil voluntarios en todo el territorio nacional. <\/span><\/p>\n<\/p>\n<p><span class=\"text1noticias\"> El doctor Bautista Rojas G\u00f3mez, dijo que todo est\u00e1 listo para la actividad  en la que estar\u00e1 involucrado el Gobierno, ayuntamientos, los empresarios, las iglesias, organizaciones profesionales y de la sociedad civil, as\u00ed como clubes, juntas de vecinos y otras organizaciones comunitarias.<\/span><\/p>\n<\/p>\n<p><span class=\"text1noticias\">Agreg\u00f3 que est\u00e1 prevista la participaci\u00f3n del Presidente Leonel Fern\u00e1ndez a trav\u00e9s de un mensaje a la naci\u00f3n dominicana relativo a la importancia de prevenir el c\u00f3lera y otras enfermedades en el pa\u00eds.<\/span><\/p>\n<\/p>\n<p><span class=\"text1noticias\">Destac\u00f3 que simult\u00e1neamente miles de brigadas compuestas por personal de salud de las 32 Direcciones Provinciales  de Salud y de otras entidades  estar\u00e1n desplazando por provincias,  calles y sectores en    labores de orientaci\u00f3n y educaci\u00f3n  del c\u00f3lera.<\/span><\/p>\n<\/p>\n<p><span class=\"text1noticias\"> Afirm\u00f3 que toda la log\u00edstica est\u00e1 montada para garantizar el \u00e9xito de la actividad, que cuenta con el apoyo de la Oficina Panamericana de la Salud (OPS), el Colegio M\u00e9dico Dominicano (CMD) y la Sociedad Dominicana de Infectolog\u00eda, entre otras entidades.<\/span><\/p>\n<\/p>\n<p><span class=\"text1noticias\"> Rojas G\u00f3mez se refiri\u00f3 al tema durante una conferencia de prensa realizada este lunes en su despacho de la Sede Central de Salud P\u00fablica, donde tambi\u00e9n inform\u00f3 que una ni\u00f1a de once meses y joven de 25 a\u00f1os ambos de nacionalidad  haitiana   resultaron positivo a los an\u00e1lisis del c\u00f3lera.  <\/span><\/p>\n<\/p>\n<p><span class=\"text1noticias\"> Sin embargo, inform\u00f3 que ambos pacientes   est\u00e1n en buen estado de salud y ser\u00e1n dados de alta en los pr\u00f3ximos d\u00edas. Est\u00e1n ingresados en el hospital de  Navarrete, en Santiago.  <\/span><\/p>\n<\/p>\n<p><span class=\"text1noticias\">Dijo que en la  jornada educativa  ser\u00e1n  distribuidos  alrededor de 5 millones de unidades de material preventivo, en los idiomas espa\u00f1ol y creol. Dijo que el objetivo es llevar de manera directa a un mill\u00f3n de familias educaci\u00f3n e informaci\u00f3n de c\u00f3mo prevenir la enfermad.<\/span><\/p>\n<\/p>\n<p><span class=\"text1noticias\">\u00a8Esta jornada educativa ha despertado un inter\u00e9s sin precedentes en la Rep\u00fablica Dominicana, al punto de que desde humildes ciudadanos y ciudadanas hasta el Presidente de la Rep\u00fablica estar\u00e1n participando en las diferentes actividades preparadas con ese prop\u00f3sito, expres\u00f3.<\/span><\/p>\n<\/p>\n<p><span class=\"text1noticias\">Destac\u00f3 el hecho de que los principales sindicados del transporte de pasajeros han instruido a los choferes a integrarse a la distribuci\u00f3n del material educativo a las personas que circulen ese d\u00eda en las diferentes rutas.<\/span><\/p>\n<\/p>\n<p><span class=\"text1noticias\">Adem\u00e1s esa movilizaci\u00f3n nacional, agreg\u00f3, estar\u00e1 presente en los m\u00e1s de 7 mil centros educativos, p\u00fablicos y privados, que funcionan a nivel nacional.<\/span><\/p>\n<h6> 2010-11-29 20:20:18 <\/h6>\n<p><!--\n<link rel=\"stylesheet\" href=\"css\/bootstrap.min.css\">\n\n\n<ul class=\"pagination\">\n\t    \n\t\n\n<li >\n\t<a href='?page_no=30395'>Previous<\/a>\n\t<\/li>\n\n\n       \n    \n\n<li><a href='?page_no=1'>1<\/a><\/li>\n\n\n\n<li><a href='?page_no=2'>2<\/a><\/li>\n\n\n\n<li><a>...<\/a><\/li>\n\n\n\n<li><a href='?page_no=30394'>30394<\/a><\/li>\n\n\n\n<li><a href='?page_no=30395'>30395<\/a><\/li>\n\n\n\n<li class='active'><a>30396<\/a><\/li>\n\n\n\n<li><a href='?page_no=30397'>30397<\/a><\/li>\n\n\n\n<li><a href='?page_no=30398'>30398<\/a><\/li>\n\n\n\n<li><a>...<\/a><\/li>\n\n\n\n<li><a href='?page_no=31963'>31963<\/a><\/li>\n\n\n\n<li><a href='?page_no=31964'>31964<\/a><\/li>\n\n    \n\t\n\n<li >\n\t<a href='?page_no=30397'>Next<\/a>\n\t<\/li>\n\n\n    \n\n<li><a href='?page_no=31964'>Last &rsaquo;&rsaquo;<\/a><\/li>\n\n<\/ul>\n\n\n--><br \/>\n<\/body><\/p>\n","protected":false},"excerpt":{"rendered":"<p>Santo Domingo.- El Ministro de Salud P\u00fablica inform\u00f3 que todo est\u00e1 listo para llevar a cabo este martes la \u00abJornada Nacional de Educaci\u00f3n y Prevenci\u00f3n de C\u00f3lera\u00bb en la que se proyecta visitar un mill\u00f3n de familias e involucrar unos 100 mil voluntarios en todo el territorio nacional. El doctor Bautista Rojas G\u00f3mez, dijo que [&hellip;]<\/p>\n","protected":false},"author":3,"featured_media":0,"comment_status":"open","ping_status":"open","sticky":false,"template":"","format":"standard","meta":{"footnotes":""},"categories":[24],"tags":[],"class_list":["post-155228","post","type-post","status-publish","format-standard","hentry","category-justicia-y-derecho"],"_links":{"self":[{"href":"https:\/\/diariodominicano.com\/index.php?rest_route=\/wp\/v2\/posts\/155228","targetHints":{"allow":["GET"]}}],"collection":[{"href":"https:\/\/diariodominicano.com\/index.php?rest_route=\/wp\/v2\/posts"}],"about":[{"href":"https:\/\/diariodominicano.com\/index.php?rest_route=\/wp\/v2\/types\/post"}],"author":[{"embeddable":true,"href":"https:\/\/diariodominicano.com\/index.php?rest_route=\/wp\/v2\/users\/3"}],"replies":[{"embeddable":true,"href":"https:\/\/diariodominicano.com\/index.php?rest_route=%2Fwp%2Fv2%2Fcomments&post=155228"}],"version-history":[{"count":0,"href":"https:\/\/diariodominicano.com\/index.php?rest_route=\/wp\/v2\/posts\/155228\/revisions"}],"wp:attachment":[{"href":"https:\/\/diariodominicano.com\/index.php?rest_route=%2Fwp%2Fv2%2Fmedia&parent=155228"}],"wp:term":[{"taxonomy":"category","embeddable":true,"href":"https:\/\/diariodominicano.com\/index.php?rest_route=%2Fwp%2Fv2%2Fcategories&post=155228"},{"taxonomy":"post_tag","embeddable":true,"href":"https:\/\/diariodominicano.com\/index.php?rest_route=%2Fwp%2Fv2%2Ftags&post=155228"}],"curies":[{"name":"wp","href":"https:\/\/api.w.org\/{rel}","templated":true}]}}