{"id":155227,"date":"2010-11-29T21:48:07","date_gmt":"2010-11-29T21:48:07","guid":{"rendered":"http:\/\/diariodominicano.ddns.net\/?p=155227"},"modified":"2010-11-29T21:48:07","modified_gmt":"2010-11-29T21:48:07","slug":"rossana-reyes-insiste-en-concienciar-contra-la-violencia-intrafamiliar","status":"publish","type":"post","link":"https:\/\/diariodominicano.com\/?p=155227","title":{"rendered":"Rossana Reyes insiste en concienciar contra la violencia intrafamiliar"},"content":{"rendered":"<p><body><\/p>\n<p><span class=\"text1noticias\">Santo Domingo.- La Procuradora General Adjunta para Asuntos de la Mujer, licenciado Rossana Reyes, consider\u00f3 que la lucha contra la violencia intrafamiliar requiere hoy m\u00e1s que nunca de un trabajo mancomunado de todos los sectores sociales para enfrentar esa problem\u00e1tica nacional. <\/span><\/p>\n<\/p>\n<p><span class=\"text1noticias\">Refiri\u00f3 que como resultado del esfuerzo que despliegan las autoridades para frenar el maltrato de que son v\u00edctimas, principalmente la mujer, las estad\u00edsticas de feminicidios presentan para este a\u00f1o una notable disminuci\u00f3n, \u00abpero aun se debe trabajar para cada vez sean menos\u00bb. <\/span><\/p>\n<\/p>\n<p><span class=\"text1noticias\">En ese sentido dijo que  seg\u00fan las estad\u00edsticas de la Procuradur\u00eda General de la Rep\u00fablica, se observa una disminuci\u00f3n de feminicidios \u00edntimos, no \u00edntimos y generales,  proyect\u00e1ndose para el a\u00f1o en curso unos 75 feminicidios \u00edntimos, mientras en el 2009 se registraron 92. <\/span><\/p>\n<\/p>\n<p><span class=\"text1noticias\">Esta \u00faltima cantidad represent\u00f3 una notable reducci\u00f3n, partiendo de que en 2008 la cifra fue de 131 mujeres asesinadas; en el 2007, 89; 99 en el 2006 y 98 en el 2005.<\/span><\/p>\n<\/p>\n<p><span class=\"text1noticias\">La funcionaria dijo al programa Diario de la Ma\u00f1ana, que hace unos d\u00edas varias agencias gubernamentales unieron voluntades con organizaciones internacionales para elaborar varias promociones que procuran concienciar a las v\u00edctimas de agresiones.<\/span><\/p>\n<\/p>\n<p><span class=\"text1noticias\">Entre esa entidades, Reyes cit\u00f3 el Ministerio de la Mujer, la Procuradur\u00eda General de la Rep\u00fablica y la Agencia Espa\u00f1ola para la Cooperaci\u00f3n Internacional, las que auspiciaron tres spots contentivos de testimonios tanto de las agredidas (os) como el agresor (ora).<\/span><\/p>\n<\/p>\n<p><span class=\"text1noticias\">\u00abSon seis exposiciones, en las que recogemos las posiciones de las partes, porque si bien el principal objetivo es defender la v\u00edctima, tambi\u00e9n buscamos hacer conciencia del agresor (ora)\u00bb.<\/span><\/p>\n<\/p>\n<p><span class=\"text1noticias\">La licenciada Reyes estim\u00f3 que la agresi\u00f3n intrafamiliar puede ser todav\u00eda catalogada de preocupante, porque aunque cada mes se reciben miles de denuncias, estas no reflejan la realidad de lo que pasa a lo interno de muchos hogares.<\/span><\/p>\n<\/p>\n<p><span class=\"text1noticias\">Refiri\u00f3 adem\u00e1s las mujeres no se atreven a presentar acusaciones contra sus agresores por temor a que estas se agraven cuando la pareja vuelva a juntarse.<\/span><\/p>\n<\/p>\n<p><span class=\"text1noticias\">?Adem\u00e1s, la Polic\u00eda todav\u00eda trata de resolver los problemas intrafamiliares utilizando la expresi\u00f3n popular de que en pleito de marido y mujer, nadie se puede meter?, indic\u00f3.<\/span><\/p>\n<\/p>\n<p><span class=\"text1noticias\">Respecto a la instituci\u00f3n del orden, la funcionaria adujo que se hacen esfuerzos a fin de llevar a los miembros de ese cuerpo asuma su papel de protector de las personas afectadas, partiendo de que la violencia familiar no es un asunto privado.<\/span><\/p>\n<\/p>\n<h6> 2010-11-29 21:48:07 <\/h6>\n<p><!--\n<link rel=\"stylesheet\" href=\"css\/bootstrap.min.css\">\n\n\n<ul class=\"pagination\">\n\t    \n\t\n\n<li >\n\t<a href='?page_no=30394'>Previous<\/a>\n\t<\/li>\n\n\n       \n    \n\n<li><a href='?page_no=1'>1<\/a><\/li>\n\n\n\n<li><a href='?page_no=2'>2<\/a><\/li>\n\n\n\n<li><a>...<\/a><\/li>\n\n\n\n<li><a href='?page_no=30393'>30393<\/a><\/li>\n\n\n\n<li><a href='?page_no=30394'>30394<\/a><\/li>\n\n\n\n<li class='active'><a>30395<\/a><\/li>\n\n\n\n<li><a href='?page_no=30396'>30396<\/a><\/li>\n\n\n\n<li><a href='?page_no=30397'>30397<\/a><\/li>\n\n\n\n<li><a>...<\/a><\/li>\n\n\n\n<li><a href='?page_no=31963'>31963<\/a><\/li>\n\n\n\n<li><a href='?page_no=31964'>31964<\/a><\/li>\n\n    \n\t\n\n<li >\n\t<a href='?page_no=30396'>Next<\/a>\n\t<\/li>\n\n\n    \n\n<li><a href='?page_no=31964'>Last &rsaquo;&rsaquo;<\/a><\/li>\n\n<\/ul>\n\n\n--><br \/>\n<\/body><\/p>\n","protected":false},"excerpt":{"rendered":"<p>Santo Domingo.- La Procuradora General Adjunta para Asuntos de la Mujer, licenciado Rossana Reyes, consider\u00f3 que la lucha contra la violencia intrafamiliar requiere hoy m\u00e1s que nunca de un trabajo mancomunado de todos los sectores sociales para enfrentar esa problem\u00e1tica nacional. Refiri\u00f3 que como resultado del esfuerzo que despliegan las autoridades para frenar el maltrato [&hellip;]<\/p>\n","protected":false},"author":3,"featured_media":0,"comment_status":"open","ping_status":"open","sticky":false,"template":"","format":"standard","meta":{"footnotes":""},"categories":[24],"tags":[],"class_list":["post-155227","post","type-post","status-publish","format-standard","hentry","category-justicia-y-derecho"],"_links":{"self":[{"href":"https:\/\/diariodominicano.com\/index.php?rest_route=\/wp\/v2\/posts\/155227","targetHints":{"allow":["GET"]}}],"collection":[{"href":"https:\/\/diariodominicano.com\/index.php?rest_route=\/wp\/v2\/posts"}],"about":[{"href":"https:\/\/diariodominicano.com\/index.php?rest_route=\/wp\/v2\/types\/post"}],"author":[{"embeddable":true,"href":"https:\/\/diariodominicano.com\/index.php?rest_route=\/wp\/v2\/users\/3"}],"replies":[{"embeddable":true,"href":"https:\/\/diariodominicano.com\/index.php?rest_route=%2Fwp%2Fv2%2Fcomments&post=155227"}],"version-history":[{"count":0,"href":"https:\/\/diariodominicano.com\/index.php?rest_route=\/wp\/v2\/posts\/155227\/revisions"}],"wp:attachment":[{"href":"https:\/\/diariodominicano.com\/index.php?rest_route=%2Fwp%2Fv2%2Fmedia&parent=155227"}],"wp:term":[{"taxonomy":"category","embeddable":true,"href":"https:\/\/diariodominicano.com\/index.php?rest_route=%2Fwp%2Fv2%2Fcategories&post=155227"},{"taxonomy":"post_tag","embeddable":true,"href":"https:\/\/diariodominicano.com\/index.php?rest_route=%2Fwp%2Fv2%2Ftags&post=155227"}],"curies":[{"name":"wp","href":"https:\/\/api.w.org\/{rel}","templated":true}]}}